{"id":21985,"date":"2026-04-28T11:23:05","date_gmt":"2026-04-28T17:23:05","guid":{"rendered":"https:\/\/www.plurinominal.com.mx\/?p=21985"},"modified":"2026-04-28T11:23:05","modified_gmt":"2026-04-28T17:23:05","slug":"apagones-frecuentes-azotan-comunidades-de-guadalcazar-por-sobrecarga-en-las-lineas-electricas-ante-la-ola-de-calor","status":"publish","type":"post","link":"https:\/\/www.plurinominal.com.mx\/?p=21985","title":{"rendered":"Apagones frecuentes azotan comunidades de Guadalc\u00e1zar por sobrecarga en las l\u00edneas el\u00e9ctricas ante la ola de calor"},"content":{"rendered":"<ul>\n<li style=\"text-align: justify;\">\u00c1brego, Negritas, Progreso y otras localidades del municipio resienten fallas en el suministro; el uso intensivo de ventiladores y refrigeradores satura la red<\/li>\n<\/ul>\n<p style=\"text-align: justify;\" align=\"left\"><span style=\"font-size: 10pt; font-family: 'trebuchet ms', geneva, sans-serif;\"><strong>PLURINOMINAL<\/strong><\/span> | El presidente municipal de Guadalc\u00e1zar, Gumaro Verd\u00edn Puente, confirm\u00f3 a Plurinominal que varias comunidades del municipio registran apagones constantes atribuidos a la sobrecarga de las l\u00edneas el\u00e9ctricas, fen\u00f3meno que se agudiza en la temporada de calor. Entre las localidades afectadas mencion\u00f3 \u00c1brego, Negritas, Progreso y otras m\u00e1s de la demarcaci\u00f3n.<\/p>\n<p style=\"text-align: justify;\" align=\"left\">La causa es t\u00e9cnica pero cotidiana: cuando las temperaturas se disparan, los hogares conectan simult\u00e1neamente ventiladores y refrigeradores a su m\u00e1xima capacidad, lo que multiplica de golpe la demanda de energ\u00eda sobre una infraestructura que no siempre est\u00e1 dimensionada para absorber ese pico de consumo.<\/p>\n<p style=\"text-align: justify;\" align=\"left\">Las l\u00edneas de distribuci\u00f3n tienen una capacidad m\u00e1xima de carga. Cuando la demanda la supera, los conductores se calientan en exceso, los transformadores se saturan y el sistema interrumpe el suministro de manera autom\u00e1tica como medida de protecci\u00f3n para evitar da\u00f1os mayores o incendios en la red. El resultado es el apag\u00f3n, que puede durar horas o d\u00edas, dependiendo de la gravedad de la sobrecarga y de la velocidad con que la Comisi\u00f3n Federal de Electricidad atienda el reporte.<\/p>\n<p style=\"text-align: justify;\" align=\"left\">Este problema se repite cada a\u00f1o en comunidades rurales cuya infraestructura el\u00e9ctrica fue dise\u00f1ada d\u00e9cadas atr\u00e1s, cuando el consumo dom\u00e9stico era considerablemente menor. El incremento progresivo en el uso de electrodom\u00e9sticos, combinado con veranos cada vez m\u00e1s intensos, convierte la red en un punto vulnerable precisamente cuando m\u00e1s se necesita.<\/p>\n<p style=\"text-align: justify;\" align=\"left\">Hasta el cierre de esta edici\u00f3n no hab\u00eda un pronunciamiento oficial de la CFE sobre los trabajos de atenci\u00f3n o refuerzo en la zona.<\/p>\n","protected":false},"excerpt":{"rendered":"<p>Comunidades de Guadalc\u00e1zar, entre ellas \u00c1brego, Negritas y Progreso, padecen apagones recurrentes provocados por la sobrecarga de las l\u00edneas el\u00e9ctricas durante la temporada de calor. El alcalde Gumaro Verd\u00edn Puente confirm\u00f3 las fallas a Plurinominal. El uso simult\u00e1neo e intensivo de ventiladores y refrigeradores supera la capacidad de una infraestructura que no fue dise\u00f1ada para absorber la demanda actual, obligando al sistema a cortar el suministro como medida de protecci\u00f3n.<\/p>\n","protected":false},"author":5,"featured_media":21986,"comment_status":"closed","ping_status":"open","sticky":false,"template":"","format":"standard","meta":{"footnotes":""},"categories":[6,485],"tags":[],"class_list":["post-21985","post","type-post","status-publish","format-standard","has-post-thumbnail","hentry","category-guadalcazar","category-sociales","entry","simple"],"_links":{"self":[{"href":"https:\/\/www.plurinominal.com.mx\/index.php?rest_route=\/wp\/v2\/posts\/21985","targetHints":{"allow":["GET"]}}],"collection":[{"href":"https:\/\/www.plurinominal.com.mx\/index.php?rest_route=\/wp\/v2\/posts"}],"about":[{"href":"https:\/\/www.plurinominal.com.mx\/index.php?rest_route=\/wp\/v2\/types\/post"}],"author":[{"embeddable":true,"href":"https:\/\/www.plurinominal.com.mx\/index.php?rest_route=\/wp\/v2\/users\/5"}],"replies":[{"embeddable":true,"href":"https:\/\/www.plurinominal.com.mx\/index.php?rest_route=%2Fwp%2Fv2%2Fcomments&post=21985"}],"version-history":[{"count":1,"href":"https:\/\/www.plurinominal.com.mx\/index.php?rest_route=\/wp\/v2\/posts\/21985\/revisions"}],"predecessor-version":[{"id":21987,"href":"https:\/\/www.plurinominal.com.mx\/index.php?rest_route=\/wp\/v2\/posts\/21985\/revisions\/21987"}],"wp:featuredmedia":[{"embeddable":true,"href":"https:\/\/www.plurinominal.com.mx\/index.php?rest_route=\/wp\/v2\/media\/21986"}],"wp:attachment":[{"href":"https:\/\/www.plurinominal.com.mx\/index.php?rest_route=%2Fwp%2Fv2%2Fmedia&parent=21985"}],"wp:term":[{"taxonomy":"category","embeddable":true,"href":"https:\/\/www.plurinominal.com.mx\/index.php?rest_route=%2Fwp%2Fv2%2Fcategories&post=21985"},{"taxonomy":"post_tag","embeddable":true,"href":"https:\/\/www.plurinominal.com.mx\/index.php?rest_route=%2Fwp%2Fv2%2Ftags&post=21985"}],"curies":[{"name":"wp","href":"https:\/\/api.w.org\/{rel}","templated":true}]}}