{"id":22,"date":"2011-11-04T05:44:45","date_gmt":"2011-11-04T05:44:45","guid":{"rendered":"http:\/\/www.plurinominal.com.mx\/?p=22"},"modified":"2011-12-20T22:52:35","modified_gmt":"2011-12-21T04:52:35","slug":"soportaron-aguas-negras","status":"publish","type":"post","link":"https:\/\/www.plurinominal.com.mx\/?p=22","title":{"rendered":"Soportaron aguas negras"},"content":{"rendered":"<p>Graves problemas enfrenta la familia Reyes Mart\u00ednez a consecuencia de los trabajos que se hacen sobre la calle Mart\u00edn de Turrubiartes. Debido a \u00e9stos se colaps\u00f3 el drenaje. Las aguas negras invadieron una vivienda adyacente y ya se filtran sobre las paredes del domicilio de los afectados que se ubica en Marcos Vives n\u00famero 6. Este mi\u00e9rcoles tuvieron que soportar los f\u00e9tidos olores.<\/p>\n","protected":false},"excerpt":{"rendered":"<p>Graves problemas enfrenta la familia Reyes Mart\u00ednez a consecuencia de los trabajos que se hacen sobre la calle Mart\u00edn de Turrubiartes. Debido a \u00e9stos se colaps\u00f3 el drenaje. Las aguas&#8230;<\/p>\n","protected":false},"author":1,"featured_media":12,"comment_status":"closed","ping_status":"open","sticky":false,"template":"","format":"standard","meta":{"footnotes":""},"categories":[3],"tags":[11,10],"class_list":["post-22","post","type-post","status-publish","format-standard","has-post-thumbnail","hentry","category-cerritos","tag-marcos-vives","tag-martin-de-turrubiartes","entry","simple"],"_links":{"self":[{"href":"https:\/\/www.plurinominal.com.mx\/index.php?rest_route=\/wp\/v2\/posts\/22","targetHints":{"allow":["GET"]}}],"collection":[{"href":"https:\/\/www.plurinominal.com.mx\/index.php?rest_route=\/wp\/v2\/posts"}],"about":[{"href":"https:\/\/www.plurinominal.com.mx\/index.php?rest_route=\/wp\/v2\/types\/post"}],"author":[{"embeddable":true,"href":"https:\/\/www.plurinominal.com.mx\/index.php?rest_route=\/wp\/v2\/users\/1"}],"replies":[{"embeddable":true,"href":"https:\/\/www.plurinominal.com.mx\/index.php?rest_route=%2Fwp%2Fv2%2Fcomments&post=22"}],"version-history":[{"count":0,"href":"https:\/\/www.plurinominal.com.mx\/index.php?rest_route=\/wp\/v2\/posts\/22\/revisions"}],"wp:featuredmedia":[{"embeddable":true,"href":"https:\/\/www.plurinominal.com.mx\/index.php?rest_route=\/wp\/v2\/media\/12"}],"wp:attachment":[{"href":"https:\/\/www.plurinominal.com.mx\/index.php?rest_route=%2Fwp%2Fv2%2Fmedia&parent=22"}],"wp:term":[{"taxonomy":"category","embeddable":true,"href":"https:\/\/www.plurinominal.com.mx\/index.php?rest_route=%2Fwp%2Fv2%2Fcategories&post=22"},{"taxonomy":"post_tag","embeddable":true,"href":"https:\/\/www.plurinominal.com.mx\/index.php?rest_route=%2Fwp%2Fv2%2Ftags&post=22"}],"curies":[{"name":"wp","href":"https:\/\/api.w.org\/{rel}","templated":true}]}}