{"id":2225,"date":"2012-04-05T14:08:03","date_gmt":"2012-04-05T19:08:03","guid":{"rendered":"http:\/\/www.plurinominal.com.mx\/?p=2225"},"modified":"2012-04-05T14:08:03","modified_gmt":"2012-04-05T19:08:03","slug":"copa-guadalcazar-6-y-7-de-abril","status":"publish","type":"post","link":"https:\/\/www.plurinominal.com.mx\/?p=2225","title":{"rendered":"Copa Guadalc\u00e1zar, 6 y 7 de Abril"},"content":{"rendered":"<ul>\n<li>Nuestra selecci\u00f3n tendr\u00e1 su primera participaci\u00f3n este pr\u00f3ximo s\u00e1bado\n<p><figure id=\"attachment_2226\" aria-describedby=\"caption-attachment-2226\" style=\"width: 300px\" class=\"wp-caption alignright\"><a href=\"https:\/\/www.plurinominal.com.mx\/wp-content\/uploads\/3-copa-guadalcazar.jpg\"><img loading=\"lazy\" decoding=\"async\" class=\"size-medium wp-image-2226\" title=\"3 copa guadalcazar\" src=\"https:\/\/www.plurinominal.com.mx\/wp-content\/uploads\/3-copa-guadalcazar-300x165.jpg\" alt=\"\" width=\"300\" height=\"165\" srcset=\"https:\/\/www.plurinominal.com.mx\/wp-content\/uploads\/3-copa-guadalcazar-300x165.jpg 300w, https:\/\/www.plurinominal.com.mx\/wp-content\/uploads\/3-copa-guadalcazar.jpg 470w\" sizes=\"auto, (max-width: 300px) 100vw, 300px\" \/><\/a><figcaption id=\"caption-attachment-2226\" class=\"wp-caption-text\">En Guadalc\u00e1zar, en manos del Presidente Municipal \u00c1lvaro Gustavo Jim\u00e9nez Reyes, se estar\u00e1 realizando la inauguraci\u00f3n y apertura oficial de esta XII edici\u00f3n.<\/figcaption><\/figure><\/li>\n<\/ul>\n<p><em>Rom\u00e1n G.-<\/em> A pocos d\u00edas de la celebraci\u00f3n de la edici\u00f3n XII de la Copa Guadalc\u00e1zar, la Selecci\u00f3n Cerritense ha comenzado con sus preparaciones de \u00faltimo momento para estar listos al cumplimiento de su primer compromiso ante la selecci\u00f3n rioverdense.<br \/>\nComo se sabe, nuestra selecci\u00f3n tendr\u00e1 su primera participaci\u00f3n este pr\u00f3ximo s\u00e1bado 7 de abril en una sub sede de la Copa, en este caso el vecino municipio de Villa Ju\u00e1rez.<br \/>\nCerritos busca la calificaci\u00f3n a las eliminatorias del torneo que a\u00f1o con a\u00f1o re\u00fane a los mejores equipos de la regi\u00f3n en enfrentamientos emocionantes y del gusto de apasionados al futbol.<br \/>\nEn Guadalc\u00e1zar, en manos del Presidente<br \/>\nMunicipal \u00c1lvaro Gustavo Jim\u00e9nez Reyes, se estar\u00e1 realizando la inauguraci\u00f3n y apertura oficial de esta XII edici\u00f3n.<br \/>\nDe ah\u00ed cada municipio sub sede tendr\u00e1 sus respectivas eliminatorias donde los mejores tendr\u00e1n la oportunidad de pasar a las finales de la Copa.<br \/>\nPor su parte, la selecci\u00f3n anfitriona de Guadalc\u00e1zar, ha llevado a cabo una intensa preparaci\u00f3n para defender el campeonato obtenido el a\u00f1o pasado ante grandes equipos participantes.<br \/>\nConforme se vaya conociendo a los ganadores, se estar\u00e1n dando a conocer los roles de encuentros hasta llegara a la gran final programada para el domingo 8 de abril donde los 2 mejores equipos tendr\u00e1n la oportunidad de demostrar qui\u00e9n es el mejor en esta Copa organizada por el vecino municipio de Guadalc\u00e1zar.<\/p>\n","protected":false},"excerpt":{"rendered":"<p>Nuestra selecci\u00f3n tendr\u00e1 su primera participaci\u00f3n este pr\u00f3ximo s\u00e1bado Rom\u00e1n G.- A pocos d\u00edas de la celebraci\u00f3n de la edici\u00f3n XII de la Copa Guadalc\u00e1zar, la Selecci\u00f3n Cerritense ha comenzado&#8230;<\/p>\n","protected":false},"author":1,"featured_media":0,"comment_status":"closed","ping_status":"open","sticky":false,"template":"","format":"standard","meta":{"footnotes":""},"categories":[462,6],"tags":[],"class_list":["post-2225","post","type-post","status-publish","format-standard","hentry","category-deportes","category-guadalcazar","entry","simple"],"_links":{"self":[{"href":"https:\/\/www.plurinominal.com.mx\/index.php?rest_route=\/wp\/v2\/posts\/2225","targetHints":{"allow":["GET"]}}],"collection":[{"href":"https:\/\/www.plurinominal.com.mx\/index.php?rest_route=\/wp\/v2\/posts"}],"about":[{"href":"https:\/\/www.plurinominal.com.mx\/index.php?rest_route=\/wp\/v2\/types\/post"}],"author":[{"embeddable":true,"href":"https:\/\/www.plurinominal.com.mx\/index.php?rest_route=\/wp\/v2\/users\/1"}],"replies":[{"embeddable":true,"href":"https:\/\/www.plurinominal.com.mx\/index.php?rest_route=%2Fwp%2Fv2%2Fcomments&post=2225"}],"version-history":[{"count":0,"href":"https:\/\/www.plurinominal.com.mx\/index.php?rest_route=\/wp\/v2\/posts\/2225\/revisions"}],"wp:attachment":[{"href":"https:\/\/www.plurinominal.com.mx\/index.php?rest_route=%2Fwp%2Fv2%2Fmedia&parent=2225"}],"wp:term":[{"taxonomy":"category","embeddable":true,"href":"https:\/\/www.plurinominal.com.mx\/index.php?rest_route=%2Fwp%2Fv2%2Fcategories&post=2225"},{"taxonomy":"post_tag","embeddable":true,"href":"https:\/\/www.plurinominal.com.mx\/index.php?rest_route=%2Fwp%2Fv2%2Ftags&post=2225"}],"curies":[{"name":"wp","href":"https:\/\/api.w.org\/{rel}","templated":true}]}}