{"id":2274,"date":"2012-04-12T01:08:43","date_gmt":"2012-04-12T06:08:43","guid":{"rendered":"http:\/\/www.plurinominal.com.mx\/?p=2274"},"modified":"2012-04-12T01:09:58","modified_gmt":"2012-04-12T06:09:58","slug":"rehabilitan-calle-juarez","status":"publish","type":"post","link":"https:\/\/www.plurinominal.com.mx\/?p=2274","title":{"rendered":"Rehabilitan calle Ju\u00e1rez"},"content":{"rendered":"<p>Comerciantes no se opusieron como al inicio de la administraci\u00f3n<\/p>\n<p><em>Rom\u00e1n G.-<\/em> Como sucediera casi al inicio de la presente administraci\u00f3n cuando se intent\u00f3 rehabilitar la calle Ju\u00e1rez, esta vez se propuso lo mismo pero a diferencia de la anterior ocasi\u00f3n, ahora los comerciantes de la arteria no se opusieron y los trabajos pueden observarse.<br \/>\nA partir de este martes, personal del ayuntamiento trabaja. De acuerdo al Coordinador de Desarrollo Social, Ad\u00e1n \u00c1lvarez, comenzar\u00edan desde el pasado lunes pero debido a las inclemencias del tiempo estos trabajos se retrasaron.<br \/>\nDesde temprano trabajadores acudieron a realizar labores de retiro sobre los cuadros de concreto que presentan mayor da\u00f1o en su estructura.<br \/>\nDado que este sector ya cuenta con a\u00f1os sin mantenimiento alguno, se observan grandes baches y desniveles en la estructura vial. Por lo anterior la calle permanecer\u00e1 cerrada desde la esquina de Nicol\u00e1s Bravo hasta Mina.<br \/>\nSe sabe que se implementar\u00e1 doble turno laboral para que esta obra no consuma demasiado tiempo de obstrucci\u00f3n en el tr\u00e1nsito, haciendo \u00e9nfasis en la disculpa para la ciudadan\u00eda y su comprensi\u00f3n a este proyecto.<br \/>\nSe inform\u00f3 que esta labor ser\u00e1 en conjunto con el departamento del OPAPCE que una vez retirado el concreto realizar\u00e1 la revisi\u00f3n de la tuber\u00eda que cuenta con m\u00e1s de 30 a\u00f1os de antig\u00fcedad as\u00ed como mantenimiento en tomas de agua y drenaje.<br \/>\nAd\u00e1n \u00c1lvarez finaliz\u00f3 mencionando que se har\u00e1 el mayor esfuerzo para que los comerciantes cercanos a la vialidad no se vean afectados por el desv\u00edo de veh\u00edculos, asegurando que se encuentran en di\u00e1logos con la Direcci\u00f3n de Tr\u00e1nsito municipal para brindar v\u00edas alternas al primer plano municipal.<\/p>\n","protected":false},"excerpt":{"rendered":"<p>Comerciantes no se opusieron como al inicio de la administraci\u00f3n Rom\u00e1n G.- Como sucediera casi al inicio de la presente administraci\u00f3n cuando se intent\u00f3 rehabilitar la calle Ju\u00e1rez, esta vez&#8230;<\/p>\n","protected":false},"author":1,"featured_media":2275,"comment_status":"closed","ping_status":"open","sticky":false,"template":"","format":"standard","meta":{"footnotes":""},"categories":[3],"tags":[],"class_list":["post-2274","post","type-post","status-publish","format-standard","has-post-thumbnail","hentry","category-cerritos","entry","simple"],"_links":{"self":[{"href":"https:\/\/www.plurinominal.com.mx\/index.php?rest_route=\/wp\/v2\/posts\/2274","targetHints":{"allow":["GET"]}}],"collection":[{"href":"https:\/\/www.plurinominal.com.mx\/index.php?rest_route=\/wp\/v2\/posts"}],"about":[{"href":"https:\/\/www.plurinominal.com.mx\/index.php?rest_route=\/wp\/v2\/types\/post"}],"author":[{"embeddable":true,"href":"https:\/\/www.plurinominal.com.mx\/index.php?rest_route=\/wp\/v2\/users\/1"}],"replies":[{"embeddable":true,"href":"https:\/\/www.plurinominal.com.mx\/index.php?rest_route=%2Fwp%2Fv2%2Fcomments&post=2274"}],"version-history":[{"count":0,"href":"https:\/\/www.plurinominal.com.mx\/index.php?rest_route=\/wp\/v2\/posts\/2274\/revisions"}],"wp:featuredmedia":[{"embeddable":true,"href":"https:\/\/www.plurinominal.com.mx\/index.php?rest_route=\/wp\/v2\/media\/2275"}],"wp:attachment":[{"href":"https:\/\/www.plurinominal.com.mx\/index.php?rest_route=%2Fwp%2Fv2%2Fmedia&parent=2274"}],"wp:term":[{"taxonomy":"category","embeddable":true,"href":"https:\/\/www.plurinominal.com.mx\/index.php?rest_route=%2Fwp%2Fv2%2Fcategories&post=2274"},{"taxonomy":"post_tag","embeddable":true,"href":"https:\/\/www.plurinominal.com.mx\/index.php?rest_route=%2Fwp%2Fv2%2Ftags&post=2274"}],"curies":[{"name":"wp","href":"https:\/\/api.w.org\/{rel}","templated":true}]}}