{"id":228,"date":"2011-11-07T02:00:41","date_gmt":"2011-11-07T08:00:41","guid":{"rendered":"http:\/\/www.plurinominal.com.mx\/?p=228"},"modified":"2011-11-07T02:00:41","modified_gmt":"2011-11-07T08:00:41","slug":"a-punto-de-iniciar-la-feremaiz-2011","status":"publish","type":"post","link":"https:\/\/www.plurinominal.com.mx\/?p=228","title":{"rendered":"A punto de iniciar la FEREMAIZ 2011"},"content":{"rendered":"<p>Este domingo se llev\u00f3 a cabo la presentaci\u00f3n de candidatas en el municipio de Villa Ju\u00e1rez cuya feria regional est\u00e1 cerca. Sobre la plaza ya se colocaron algunos puestos.<\/p>\n","protected":false},"excerpt":{"rendered":"<p>Este domingo se llev\u00f3 a cabo la presentaci\u00f3n de candidatas en el municipio de Villa Ju\u00e1rez cuya feria regional est\u00e1 cerca. Sobre la plaza ya se colocaron algunos puestos.<\/p>\n","protected":false},"author":1,"featured_media":225,"comment_status":"closed","ping_status":"open","sticky":false,"template":"","format":"standard","meta":{"footnotes":""},"categories":[4],"tags":[],"class_list":["post-228","post","type-post","status-publish","format-standard","has-post-thumbnail","hentry","category-villa-juarez","entry","simple"],"_links":{"self":[{"href":"https:\/\/www.plurinominal.com.mx\/index.php?rest_route=\/wp\/v2\/posts\/228","targetHints":{"allow":["GET"]}}],"collection":[{"href":"https:\/\/www.plurinominal.com.mx\/index.php?rest_route=\/wp\/v2\/posts"}],"about":[{"href":"https:\/\/www.plurinominal.com.mx\/index.php?rest_route=\/wp\/v2\/types\/post"}],"author":[{"embeddable":true,"href":"https:\/\/www.plurinominal.com.mx\/index.php?rest_route=\/wp\/v2\/users\/1"}],"replies":[{"embeddable":true,"href":"https:\/\/www.plurinominal.com.mx\/index.php?rest_route=%2Fwp%2Fv2%2Fcomments&post=228"}],"version-history":[{"count":0,"href":"https:\/\/www.plurinominal.com.mx\/index.php?rest_route=\/wp\/v2\/posts\/228\/revisions"}],"wp:featuredmedia":[{"embeddable":true,"href":"https:\/\/www.plurinominal.com.mx\/index.php?rest_route=\/wp\/v2\/media\/225"}],"wp:attachment":[{"href":"https:\/\/www.plurinominal.com.mx\/index.php?rest_route=%2Fwp%2Fv2%2Fmedia&parent=228"}],"wp:term":[{"taxonomy":"category","embeddable":true,"href":"https:\/\/www.plurinominal.com.mx\/index.php?rest_route=%2Fwp%2Fv2%2Fcategories&post=228"},{"taxonomy":"post_tag","embeddable":true,"href":"https:\/\/www.plurinominal.com.mx\/index.php?rest_route=%2Fwp%2Fv2%2Ftags&post=228"}],"curies":[{"name":"wp","href":"https:\/\/api.w.org\/{rel}","templated":true}]}}