{"id":2297,"date":"2012-04-17T20:40:02","date_gmt":"2012-04-18T01:40:02","guid":{"rendered":"http:\/\/www.plurinominal.com.mx\/?p=2297"},"modified":"2012-04-17T20:40:02","modified_gmt":"2012-04-18T01:40:02","slug":"tren-se-llevo-camioneta","status":"publish","type":"post","link":"https:\/\/www.plurinominal.com.mx\/?p=2297","title":{"rendered":"Tren \u201cse llev\u00f3 camioneta\u201d"},"content":{"rendered":"<p><em>Marco Serna.-<\/em> Camioneta que viajaba del ejido Nuevo San Pedro con rumbo a Palo Seco, fue impactada por el tren este domingo casi a las 20:00 PM frente al crucero del mismo lugar.<br \/>\nSe sabe que el veh\u00edculo pertenece a una familia de apellido V\u00e1zquez.<br \/>\nAl cierre del presente ejemplar, explicaron los testigos que la conductora era una mujer que no pudo ganarle la carrera a las m\u00e1quinas. Sin embargo se supo que toda la tripulaci\u00f3n alcanz\u00f3 a escapar del tr\u00e1gico final.<br \/>\nViajaban con direcci\u00f3n a Palo seco a llevar unas personas a bordo de una camioneta color gris.<br \/>\nTrascendi\u00f3 que aunque no hubo lesionados de gravedad, los viajantes fueron llevados al IMSS a recibir atenci\u00f3n m\u00e9dica.<br \/>\nAunque pr\u00e1cticamente la camioneta fue la que result\u00f3 da\u00f1ada, se dio aviso a personal de la pensi\u00f3n VECA para arrastrarla, lo que caus\u00f3 el enojo de los lugare\u00f1os. Algunos le gritaban al chofer de la gr\u00faa y a los elementos de polic\u00eda \u201cque porque no se llevaban tambi\u00e9n al tren\u201d, debido a que tambi\u00e9n particip\u00f3 en el accidente y se tendr\u00eda que pagar una cantidad elevada por un arrastre que creyeron innecesario.<\/p>\n","protected":false},"excerpt":{"rendered":"<p>Marco Serna.- Camioneta que viajaba del ejido Nuevo San Pedro con rumbo a Palo Seco, fue impactada por el tren este domingo casi a las 20:00 PM frente al crucero&#8230;<\/p>\n","protected":false},"author":1,"featured_media":0,"comment_status":"closed","ping_status":"open","sticky":false,"template":"","format":"standard","meta":{"footnotes":""},"categories":[465],"tags":[],"class_list":["post-2297","post","type-post","status-publish","format-standard","hentry","category-policia-2","entry","simple"],"_links":{"self":[{"href":"https:\/\/www.plurinominal.com.mx\/index.php?rest_route=\/wp\/v2\/posts\/2297","targetHints":{"allow":["GET"]}}],"collection":[{"href":"https:\/\/www.plurinominal.com.mx\/index.php?rest_route=\/wp\/v2\/posts"}],"about":[{"href":"https:\/\/www.plurinominal.com.mx\/index.php?rest_route=\/wp\/v2\/types\/post"}],"author":[{"embeddable":true,"href":"https:\/\/www.plurinominal.com.mx\/index.php?rest_route=\/wp\/v2\/users\/1"}],"replies":[{"embeddable":true,"href":"https:\/\/www.plurinominal.com.mx\/index.php?rest_route=%2Fwp%2Fv2%2Fcomments&post=2297"}],"version-history":[{"count":0,"href":"https:\/\/www.plurinominal.com.mx\/index.php?rest_route=\/wp\/v2\/posts\/2297\/revisions"}],"wp:attachment":[{"href":"https:\/\/www.plurinominal.com.mx\/index.php?rest_route=%2Fwp%2Fv2%2Fmedia&parent=2297"}],"wp:term":[{"taxonomy":"category","embeddable":true,"href":"https:\/\/www.plurinominal.com.mx\/index.php?rest_route=%2Fwp%2Fv2%2Fcategories&post=2297"},{"taxonomy":"post_tag","embeddable":true,"href":"https:\/\/www.plurinominal.com.mx\/index.php?rest_route=%2Fwp%2Fv2%2Ftags&post=2297"}],"curies":[{"name":"wp","href":"https:\/\/api.w.org\/{rel}","templated":true}]}}