{"id":2303,"date":"2012-04-16T09:25:55","date_gmt":"2012-04-16T14:25:55","guid":{"rendered":"http:\/\/www.plurinominal.com.mx\/?p=2303"},"modified":"2012-04-18T09:26:25","modified_gmt":"2012-04-18T14:26:25","slug":"sale-libre-otro-involucrado-en-asesinato-de-ojo-de-agua","status":"publish","type":"post","link":"https:\/\/www.plurinominal.com.mx\/?p=2303","title":{"rendered":"Sale libre otro \u201cinvolucrado\u201d en asesinato de Ojo de Agua"},"content":{"rendered":"<p>Redacci\u00f3n.-  Sali\u00f3 en libertad el segundo involucrado en el homicidio de una persona en la comunidad de Ojo de Agua, el cual estaba preso desde el 10 de septiembre del 2010 en la c\u00e1rcel distrital de nuestro municipio.<br \/>\nAlrededor de las 16:00 horas, del mi\u00e9rcoles 11 de abril, pudo salir nuevamente a la calle Orlando Garc\u00eda Rodr\u00edguez, que estaba acusado de homicidio en grado de coparticipe en agravio de Mateo Castillo, que fue asesinado en noviembre del 2007 en esta misma comunidad que pertenece a nuestro Cerritos.<br \/>\nOrlando Garc\u00eda Rodr\u00edguez fue detenido el 10 de septiembre, \u2014hace un a\u00f1o y medio\u2014, en la comunidad de Ojo de Agua por una orden de aprehensi\u00f3n en su contra, debido a que era acusado de haber sido c\u00f3mplice en el asesinato.<br \/>\nPor parte del juzgado, \u2014que de un tiempo para ac\u00e1 ha dado agilidad a los tr\u00e1mites de los procesados\u2014, se gir\u00f3 una nueva orden pero en esta ocasi\u00f3n para liberar a Orlando, invalidando las pruebas presentadas por el ministerio p\u00fablico adscrito.<br \/>\nEsta persona ni siquiera tendr\u00e1 que regresar a firmar porque fue absuelto de culpa y es posible que no vuelva a la c\u00e1rcel, pero cabe la posibilidad de que se acepte la apelaci\u00f3n del Representante Social que todav\u00eda est\u00e1 buscando culpables para este homicidio cuyos hechos no han quedado claros.<\/p>\n","protected":false},"excerpt":{"rendered":"<p>Redacci\u00f3n.- Sali\u00f3 en libertad el segundo involucrado en el homicidio de una persona en la comunidad de Ojo de Agua, el cual estaba preso desde el 10 de septiembre del&#8230;<\/p>\n","protected":false},"author":1,"featured_media":0,"comment_status":"closed","ping_status":"open","sticky":false,"template":"","format":"standard","meta":{"footnotes":""},"categories":[465],"tags":[],"class_list":["post-2303","post","type-post","status-publish","format-standard","hentry","category-policia-2","entry","simple"],"_links":{"self":[{"href":"https:\/\/www.plurinominal.com.mx\/index.php?rest_route=\/wp\/v2\/posts\/2303","targetHints":{"allow":["GET"]}}],"collection":[{"href":"https:\/\/www.plurinominal.com.mx\/index.php?rest_route=\/wp\/v2\/posts"}],"about":[{"href":"https:\/\/www.plurinominal.com.mx\/index.php?rest_route=\/wp\/v2\/types\/post"}],"author":[{"embeddable":true,"href":"https:\/\/www.plurinominal.com.mx\/index.php?rest_route=\/wp\/v2\/users\/1"}],"replies":[{"embeddable":true,"href":"https:\/\/www.plurinominal.com.mx\/index.php?rest_route=%2Fwp%2Fv2%2Fcomments&post=2303"}],"version-history":[{"count":0,"href":"https:\/\/www.plurinominal.com.mx\/index.php?rest_route=\/wp\/v2\/posts\/2303\/revisions"}],"wp:attachment":[{"href":"https:\/\/www.plurinominal.com.mx\/index.php?rest_route=%2Fwp%2Fv2%2Fmedia&parent=2303"}],"wp:term":[{"taxonomy":"category","embeddable":true,"href":"https:\/\/www.plurinominal.com.mx\/index.php?rest_route=%2Fwp%2Fv2%2Fcategories&post=2303"},{"taxonomy":"post_tag","embeddable":true,"href":"https:\/\/www.plurinominal.com.mx\/index.php?rest_route=%2Fwp%2Fv2%2Ftags&post=2303"}],"curies":[{"name":"wp","href":"https:\/\/api.w.org\/{rel}","templated":true}]}}