{"id":234,"date":"2011-11-01T02:05:44","date_gmt":"2011-11-01T08:05:44","guid":{"rendered":"http:\/\/www.plurinominal.com.mx\/?p=234"},"modified":"2011-11-07T02:06:25","modified_gmt":"2011-11-07T08:06:25","slug":"crece-la-pelea-por-pasaje-de-ojo-de-agua-y-granjenal","status":"publish","type":"post","link":"https:\/\/www.plurinominal.com.mx\/?p=234","title":{"rendered":"Crece la pelea por pasaje de Ojo de Agua y Granjenal"},"content":{"rendered":"<p>Empresas bajan el precio por viajar a nuestro municipio<\/p>\n<p>Jos\u00e9 \u00c1ngel Mtz.<br \/>\nDesde principios de esta administraci\u00f3n se manej\u00f3 con la llegada del nuevo delegado de la Secretar\u00eda de Comunicaciones y Transportes, Rodrigo Cruz, la posibilidad de crear una ruta de pasaje hacia las comunidades de El Granjenal y Ojo de Agua, pero la opci\u00f3n lleg\u00f3 sin necesidad de decretarla oficialmente porque \u201clos piratas\u201d han crecido.<br \/>\nAhora existe una disputa real por el pasaje entre la empresa a la que por ley le corresponde la ruta y operadores de taxis y combis que trabajan de forma irregular.<br \/>\nPor supuesto que con la llegada de la competencia los que han comenzado a ganar son las personas que a diariamente utilizan el servicio.<br \/>\nPrimero autobuses Cerritenses decidi\u00f3 colocar una Van nueva para prestar el servicio con aire acondicionado y a un precio m\u00f3dico, es decir, el costo por boleto lo dejaron en 40 pesos, 10 menos que la competencia que brinda transporte por 50 pesos y sin garant\u00edas en caso de ocurrir un accidente ya que no est\u00e1n regularizados.<br \/>\nComo ha crecido la demanda en esta parte del territorio de Cerritos y Villa Ju\u00e1rez, la competencia no se quiso quedar atr\u00e1s, por eso ya se observ\u00f3 que cerca del restaurant Chelo hace rampa la combi y se coloca para esperar pasaje, de hecho ya cambiaron la vieja unidad en la que trasladaban a la gente y ahora ocupan una Van de mejores condiciones al mismo precio.<br \/>\nEntre los habitantes de estas comunidades se ha platicado que la pelea por el pasaje ya ha crecido mucho, hasta se han detectado ataques. Por ejemplo la combi nueva de la empresa cerritense se observa golpeada de una de las ventanas, supuestamente porque la atacaron a pedradas en forma escondida.<br \/>\nLa Secretar\u00eda de Comunicaciones y Transportes en los \u00faltimos a\u00f1os ha permitido un crecimiento en el problema de la pirater\u00eda local, algo que antes no exist\u00eda en estos municipios. <\/p>\n","protected":false},"excerpt":{"rendered":"<p>Empresas bajan el precio por viajar a nuestro municipio Jos\u00e9 \u00c1ngel Mtz. Desde principios de esta administraci\u00f3n se manej\u00f3 con la llegada del nuevo delegado de la Secretar\u00eda de Comunicaciones&#8230;<\/p>\n","protected":false},"author":1,"featured_media":0,"comment_status":"closed","ping_status":"open","sticky":false,"template":"","format":"standard","meta":{"footnotes":""},"categories":[4],"tags":[163,164,165,166],"class_list":["post-234","post","type-post","status-publish","format-standard","hentry","category-villa-juarez","tag-autobuses-cerritenses","tag-empresa","tag-pasaje","tag-piratas","entry","simple"],"_links":{"self":[{"href":"https:\/\/www.plurinominal.com.mx\/index.php?rest_route=\/wp\/v2\/posts\/234","targetHints":{"allow":["GET"]}}],"collection":[{"href":"https:\/\/www.plurinominal.com.mx\/index.php?rest_route=\/wp\/v2\/posts"}],"about":[{"href":"https:\/\/www.plurinominal.com.mx\/index.php?rest_route=\/wp\/v2\/types\/post"}],"author":[{"embeddable":true,"href":"https:\/\/www.plurinominal.com.mx\/index.php?rest_route=\/wp\/v2\/users\/1"}],"replies":[{"embeddable":true,"href":"https:\/\/www.plurinominal.com.mx\/index.php?rest_route=%2Fwp%2Fv2%2Fcomments&post=234"}],"version-history":[{"count":0,"href":"https:\/\/www.plurinominal.com.mx\/index.php?rest_route=\/wp\/v2\/posts\/234\/revisions"}],"wp:attachment":[{"href":"https:\/\/www.plurinominal.com.mx\/index.php?rest_route=%2Fwp%2Fv2%2Fmedia&parent=234"}],"wp:term":[{"taxonomy":"category","embeddable":true,"href":"https:\/\/www.plurinominal.com.mx\/index.php?rest_route=%2Fwp%2Fv2%2Fcategories&post=234"},{"taxonomy":"post_tag","embeddable":true,"href":"https:\/\/www.plurinominal.com.mx\/index.php?rest_route=%2Fwp%2Fv2%2Ftags&post=234"}],"curies":[{"name":"wp","href":"https:\/\/api.w.org\/{rel}","templated":true}]}}