{"id":2348,"date":"2012-04-24T16:36:22","date_gmt":"2012-04-24T21:36:22","guid":{"rendered":"http:\/\/www.plurinominal.com.mx\/?p=2348"},"modified":"2012-04-24T16:36:22","modified_gmt":"2012-04-24T21:36:22","slug":"encuentro-de-pequenos-lectores-y-escritores","status":"publish","type":"post","link":"https:\/\/www.plurinominal.com.mx\/?p=2348","title":{"rendered":"Encuentro de \u201cPeque\u00f1os lectores y escritores\u201d"},"content":{"rendered":"<p><em>Rom\u00e1n G.-<\/em> Este viernes 20 de abril, la escuela primaria Josefa Ortiz de Dom\u00ednguez perteneciente a la comunidad de San Jos\u00e9 de Turrubiartes (El Zamandoque), llev\u00f3 a cabo la celebraci\u00f3n del \u201cPrimer Encuentro de Peque\u00f1os Lectores y Escritores\u201d, actividad que tiene como objetivo principal el desarrollo de la lectura entre la juventud primaria y su comprensi\u00f3n.<br \/>\nAl evento hicieron acto de presencia el profesor Juan Antonio Guti\u00e9rrez Alvarado, Director del plantel sede, acompa\u00f1ado por el Supervisor de la Zona escolar 013 Rub\u00e9n Alfaro Covarrubias.<br \/>\nCerca de las 9:00 de la ma\u00f1ana las escuelas pertenecientes a la zona escolar 013 (sector escolar 09), comenzaron con las actividades de lectura y escritura impartidas por los profesores en turno.<br \/>\nCada grado escolar participante realiz\u00f3 sus lecturas que posteriormente ser\u00edan presentadas ante las autoridades invitadas.<br \/>\nGrupos de 2 alumnos comenzaron con la presentaci\u00f3n de los trabajos finales, donde participaron cerca de 70 estudiantes de primaria.<br \/>\nA trav\u00e9s de un sorteo se fue seleccionando al representante de cada grado escolar que participar\u00e1 como representante en la etapa de sector.<br \/>\nLos ganadores de esta primera edici\u00f3n fueron, por el primer grado la ni\u00f1a Rub\u00ed Z\u00fa\u00f1iga Rosales de la comunidad de San Nicol\u00e1s del Bosque, en segundo el ni\u00f1o Rogelio \u00c1lvarez Ruiz de la comunidad de Manzanillas, del tercer grado la ni\u00f1a Daniela Joselyn Valdivies Morales \u2014alumna de la escuela primaria Marcos Vives turno matutino de este municipio\u2014en el cuarto grado el ganador fue el ni\u00f1o Juan Antonio Guti\u00e9rrez Banda de San Jos\u00e9 de Turrubiartes, Karen Castillo del Rinc\u00f3n de Turrubiartes por el quinto y por el sexto grado la ni\u00f1a Linda Guadalupe Guti\u00e9rrez Perales alumna de la escuela primaria Marcos Vives turno Vespertino.<br \/>\nLos padres de familia tambi\u00e9n participaron en este primer encuentro. Gracias a ello, la se\u00f1ora San Juana Hern\u00e1ndez Z\u00fa\u00f1iga \u2014de la comunidad del Sauz\u2014 ser\u00e1 quien represente a los padres de familia en la etapa de sector.<br \/>\nLuego de dar a conocer a los ganadores del encuentro de lectores, cada escuela recibi\u00f3 un merecido reconocimiento por parte de la supervisi\u00f3n escolar y organizadores, sobre todo por demostrar su inter\u00e9s en esta actividad educativa y ben\u00e9fica para el desarrollo de la sociedad estudiantil del nivel primaria.<br \/>\nDespu\u00e9s de algunas palabras de agradecimiento a las instituciones pertenecientes a la zona escolar 013, en manos del supervisor del sector en menci\u00f3n, cerca de las 2:45 de la tarde se dio clausura oficial a este primer encuentro de lectores y escritores infantiles.<\/p>\n","protected":false},"excerpt":{"rendered":"<p>Rom\u00e1n G.- Este viernes 20 de abril, la escuela primaria Josefa Ortiz de Dom\u00ednguez perteneciente a la comunidad de San Jos\u00e9 de Turrubiartes (El Zamandoque), llev\u00f3 a cabo la celebraci\u00f3n&#8230;<\/p>\n","protected":false},"author":1,"featured_media":2349,"comment_status":"closed","ping_status":"open","sticky":false,"template":"","format":"standard","meta":{"footnotes":""},"categories":[3],"tags":[],"class_list":["post-2348","post","type-post","status-publish","format-standard","has-post-thumbnail","hentry","category-cerritos","entry","simple"],"_links":{"self":[{"href":"https:\/\/www.plurinominal.com.mx\/index.php?rest_route=\/wp\/v2\/posts\/2348","targetHints":{"allow":["GET"]}}],"collection":[{"href":"https:\/\/www.plurinominal.com.mx\/index.php?rest_route=\/wp\/v2\/posts"}],"about":[{"href":"https:\/\/www.plurinominal.com.mx\/index.php?rest_route=\/wp\/v2\/types\/post"}],"author":[{"embeddable":true,"href":"https:\/\/www.plurinominal.com.mx\/index.php?rest_route=\/wp\/v2\/users\/1"}],"replies":[{"embeddable":true,"href":"https:\/\/www.plurinominal.com.mx\/index.php?rest_route=%2Fwp%2Fv2%2Fcomments&post=2348"}],"version-history":[{"count":0,"href":"https:\/\/www.plurinominal.com.mx\/index.php?rest_route=\/wp\/v2\/posts\/2348\/revisions"}],"wp:featuredmedia":[{"embeddable":true,"href":"https:\/\/www.plurinominal.com.mx\/index.php?rest_route=\/wp\/v2\/media\/2349"}],"wp:attachment":[{"href":"https:\/\/www.plurinominal.com.mx\/index.php?rest_route=%2Fwp%2Fv2%2Fmedia&parent=2348"}],"wp:term":[{"taxonomy":"category","embeddable":true,"href":"https:\/\/www.plurinominal.com.mx\/index.php?rest_route=%2Fwp%2Fv2%2Fcategories&post=2348"},{"taxonomy":"post_tag","embeddable":true,"href":"https:\/\/www.plurinominal.com.mx\/index.php?rest_route=%2Fwp%2Fv2%2Ftags&post=2348"}],"curies":[{"name":"wp","href":"https:\/\/api.w.org\/{rel}","templated":true}]}}