{"id":2370,"date":"2012-04-26T16:12:59","date_gmt":"2012-04-26T21:12:59","guid":{"rendered":"http:\/\/www.plurinominal.com.mx\/?p=2370"},"modified":"2012-04-26T16:17:57","modified_gmt":"2012-04-26T21:17:57","slug":"insensata-dejo-encerrado-a-ninito-de-6-meses-en-camioneta","status":"publish","type":"post","link":"https:\/\/www.plurinominal.com.mx\/?p=2370","title":{"rendered":"Insensata dej\u00f3 encerrado a ni\u00f1ito de 6 meses en camioneta"},"content":{"rendered":"<ul>\n<li>Pudo morir asfixiado al mediod\u00eda, polic\u00edas lo rescataron<\/li>\n<\/ul>\n<p><em>Marco Serna.-<\/em> Tragedia similar a la ocurrida en Rioverde por poco sucede este mi\u00e9rcoles 25 de abril en la cabecera municipal de Cerritos, todo porque a otra madre desconsiderada se le ocurri\u00f3 dejar dentro de su camioneta a un ni\u00f1ito de apenas 6 meses de edad.<br \/>\nPor fortuna hubo quien se percat\u00f3 de la insensatez y se logr\u00f3 evitar la muerte por asfixia.<br \/>\nA diferencia del asunto que fue noticia a nivel nacional que pas\u00f3 en Rioverde, aqu\u00ed el caso no termin\u00f3 con la muerte del peque\u00f1o porque los polic\u00edas lograron abrir la puerta de la camioneta S-10 color azul marino de Juana Mar\u00eda Cruz S\u00e1nchez quien tiene domicilio en Iturbide 355 de la comunidad de San Isidro, Villa Ju\u00e1rez.<br \/>\nEsta se\u00f1ora tuvo la idea de dejar a la criatura encerrada en el veh\u00edculo a las 12:00 del mediod\u00eda sobre la calle Santos Degollado mientras ella arreglaba asuntos en la oficina recaudadora de este lugar.<br \/>\nCiudadanos pudieron ver al ni\u00f1ito ba\u00f1ado en sudor, por eso de inmediato intentaron abrir la camioneta.<br \/>\nLa tarea no fue f\u00e1cil a pesar de que la ventana hab\u00eda quedado un poco abierta, porque se requiri\u00f3 de una persona delgada y con mano larga para lograr el objetivo.<br \/>\nLas acciones de polic\u00edas municipales tal vez pudieron parecer aparatosas, pero estaba de por medio la vida de un beb\u00e9.<\/p>\n<p><strong>El otro caso<\/strong><\/p>\n<p>Sobre el asunto de Rioverde, ocurri\u00f3 el jueves 19 de abril cuando Sandra Luz \u00c1vila Flores manejaba su autom\u00f3vil marca Dodge Stratus color gris con placas VBW-3058, el cual dej\u00f3 estacionado en el bulevar Carlos Jongitud Barrios, entre las calles de Jacaranda esquina con Porfirio D\u00edaz de esa ciudad.<br \/>\nDej\u00f3 a su hijito encerrado algunas horas dentro de su autom\u00f3vil y cuando regres\u00f3 el infante ya hab\u00eda muerto asfixiado.<br \/>\nMientras que ella dijo que \u201cse fue a trabajar\u201d conocidos explican que enfrentaba problemas con su pareja.<br \/>\nEste peque\u00f1o ten\u00eda un a\u00f1o y dos meses de edad.<br \/>\nRoberto Enr\u00edquez, \u2014padre del menor\u2014 refiri\u00f3 que todo se hab\u00eda debido a un lamentable descuido por parte de su esposa, por lo que no ped\u00eda nada en contra de ella, por eso sali\u00f3 libre al poco tiempo.<br \/>\nPor este motivo, autoridades implementaron un operativo de seguridad en los estacionamientos de los centros comerciales de la zona.<br \/>\nSe reconoci\u00f3 que hay personas que dejan a sus hijos encerrados en el auto en plena \u00e9poca de calor para ir a realizar sus asuntos personales, por ello se lanz\u00f3 un llamado de alerta \u201ctanto pap\u00e1s como mam\u00e1s a que no dejen a sus ni\u00f1os encerrados, ya que representa mucho peligro\u201d, recomendaciones que tal vez no llegaron a o\u00eddos de la mujer que este mi\u00e9rcoles dej\u00f3 a su hijito encerrado en la camioneta sobre las calles de Cerritos.<\/p>\n<p><em>EN LA IMAGEN:<\/em> El carro d\u00f3nde pereci\u00f3 el menor de RIoverde. (PULSO).<\/p>\n","protected":false},"excerpt":{"rendered":"<p>Pudo morir asfixiado al mediod\u00eda, polic\u00edas lo rescataron Marco Serna.- Tragedia similar a la ocurrida en Rioverde por poco sucede este mi\u00e9rcoles 25 de abril en la cabecera municipal de&#8230;<\/p>\n","protected":false},"author":1,"featured_media":2371,"comment_status":"closed","ping_status":"open","sticky":false,"template":"","format":"standard","meta":{"footnotes":""},"categories":[465],"tags":[],"class_list":["post-2370","post","type-post","status-publish","format-standard","has-post-thumbnail","hentry","category-policia-2","entry","simple"],"_links":{"self":[{"href":"https:\/\/www.plurinominal.com.mx\/index.php?rest_route=\/wp\/v2\/posts\/2370","targetHints":{"allow":["GET"]}}],"collection":[{"href":"https:\/\/www.plurinominal.com.mx\/index.php?rest_route=\/wp\/v2\/posts"}],"about":[{"href":"https:\/\/www.plurinominal.com.mx\/index.php?rest_route=\/wp\/v2\/types\/post"}],"author":[{"embeddable":true,"href":"https:\/\/www.plurinominal.com.mx\/index.php?rest_route=\/wp\/v2\/users\/1"}],"replies":[{"embeddable":true,"href":"https:\/\/www.plurinominal.com.mx\/index.php?rest_route=%2Fwp%2Fv2%2Fcomments&post=2370"}],"version-history":[{"count":0,"href":"https:\/\/www.plurinominal.com.mx\/index.php?rest_route=\/wp\/v2\/posts\/2370\/revisions"}],"wp:featuredmedia":[{"embeddable":true,"href":"https:\/\/www.plurinominal.com.mx\/index.php?rest_route=\/wp\/v2\/media\/2371"}],"wp:attachment":[{"href":"https:\/\/www.plurinominal.com.mx\/index.php?rest_route=%2Fwp%2Fv2%2Fmedia&parent=2370"}],"wp:term":[{"taxonomy":"category","embeddable":true,"href":"https:\/\/www.plurinominal.com.mx\/index.php?rest_route=%2Fwp%2Fv2%2Fcategories&post=2370"},{"taxonomy":"post_tag","embeddable":true,"href":"https:\/\/www.plurinominal.com.mx\/index.php?rest_route=%2Fwp%2Fv2%2Ftags&post=2370"}],"curies":[{"name":"wp","href":"https:\/\/api.w.org\/{rel}","templated":true}]}}