{"id":2373,"date":"2012-04-26T16:17:18","date_gmt":"2012-04-26T21:17:18","guid":{"rendered":"http:\/\/www.plurinominal.com.mx\/?p=2373"},"modified":"2012-04-26T16:18:03","modified_gmt":"2012-04-26T21:18:03","slug":"el-quelital-de-luto-por-muerte-de-maestro","status":"publish","type":"post","link":"https:\/\/www.plurinominal.com.mx\/?p=2373","title":{"rendered":"\u201cEl Quelital\u201d de luto por muerte de maestro"},"content":{"rendered":"<ul>\n<li>Rodolfo Acosta muri\u00f3 en accidente cuando se impact\u00f3 contra camioneta<\/li>\n<\/ul>\n<p><em>Jos\u00e9 \u00c1ngel Mtz.-<\/em> La comunidad de El Quelital, que pertenece al municipio vecino de Guadalc\u00e1zar, est\u00e1 de luto debido a la muerte ocurrida el mi\u00e9rcoles 18 de abril del maestro de la comunidad, Rodolfo Acosta Escobedo, que sufri\u00f3 un accidente cuando dos menores se le atravesaron a \u00e9l y a su acompa\u00f1ante con una camioneta sobre la carretera de cuota Cerritos-Tula. Es lo que indica el reporte de la polic\u00eda.<br \/>\nSe logr\u00f3 saber recientemente que el \u00fanico fallecido era muy querido en esta comunidad, por ser el profesor de la escuela.<br \/>\nMuchas personas hablaron sobre el lamentable accidente que provocaron los hermanos menores de edad Jorge Eduardo y Ricardo Zamarripa Ruiz, de Derramaderos de donde son originarios.<br \/>\nSobre el suceso se habla poco, lo que caus\u00f3 conmoci\u00f3n y asombr\u00f3 fue la muerte del maestro, que s\u00f3lo ten\u00eda cumplidos 37 a\u00f1os.<br \/>\nSu muerte se dio en el accidente, \u2014que dio a conocer Plurinominal en su edici\u00f3n anterior\u2014 y que protagonizaron los menores al atravesar una camioneta al paso del veh\u00edculo Jetta donde viajaba el maestro.<br \/>\nSobre el estado de salud de los involucrados no se sabe nada, tampoco si el causante ser\u00e1 encerrado en Guadalc\u00e1zar o en nuestro municipio o si se le dejar\u00e1 en libertad por no tener la edad para ser penalmente responsable.<\/p>\n<p><em>EN LA IMAGEN:<\/em> As\u00ed quedaron los autos.<\/p>\n","protected":false},"excerpt":{"rendered":"<p>Rodolfo Acosta muri\u00f3 en accidente cuando se impact\u00f3 contra camioneta Jos\u00e9 \u00c1ngel Mtz.- La comunidad de El Quelital, que pertenece al municipio vecino de Guadalc\u00e1zar, est\u00e1 de luto debido a&#8230;<\/p>\n","protected":false},"author":1,"featured_media":2374,"comment_status":"closed","ping_status":"open","sticky":false,"template":"","format":"standard","meta":{"footnotes":""},"categories":[6,465],"tags":[],"class_list":["post-2373","post","type-post","status-publish","format-standard","has-post-thumbnail","hentry","category-guadalcazar","category-policia-2","entry","simple"],"_links":{"self":[{"href":"https:\/\/www.plurinominal.com.mx\/index.php?rest_route=\/wp\/v2\/posts\/2373","targetHints":{"allow":["GET"]}}],"collection":[{"href":"https:\/\/www.plurinominal.com.mx\/index.php?rest_route=\/wp\/v2\/posts"}],"about":[{"href":"https:\/\/www.plurinominal.com.mx\/index.php?rest_route=\/wp\/v2\/types\/post"}],"author":[{"embeddable":true,"href":"https:\/\/www.plurinominal.com.mx\/index.php?rest_route=\/wp\/v2\/users\/1"}],"replies":[{"embeddable":true,"href":"https:\/\/www.plurinominal.com.mx\/index.php?rest_route=%2Fwp%2Fv2%2Fcomments&post=2373"}],"version-history":[{"count":0,"href":"https:\/\/www.plurinominal.com.mx\/index.php?rest_route=\/wp\/v2\/posts\/2373\/revisions"}],"wp:featuredmedia":[{"embeddable":true,"href":"https:\/\/www.plurinominal.com.mx\/index.php?rest_route=\/wp\/v2\/media\/2374"}],"wp:attachment":[{"href":"https:\/\/www.plurinominal.com.mx\/index.php?rest_route=%2Fwp%2Fv2%2Fmedia&parent=2373"}],"wp:term":[{"taxonomy":"category","embeddable":true,"href":"https:\/\/www.plurinominal.com.mx\/index.php?rest_route=%2Fwp%2Fv2%2Fcategories&post=2373"},{"taxonomy":"post_tag","embeddable":true,"href":"https:\/\/www.plurinominal.com.mx\/index.php?rest_route=%2Fwp%2Fv2%2Ftags&post=2373"}],"curies":[{"name":"wp","href":"https:\/\/api.w.org\/{rel}","templated":true}]}}