{"id":240,"date":"2011-10-28T02:08:54","date_gmt":"2011-10-28T07:08:54","guid":{"rendered":"http:\/\/www.plurinominal.com.mx\/?p=240"},"modified":"2011-11-07T02:09:39","modified_gmt":"2011-11-07T08:09:39","slug":"entregaron-reconocimientos-a-integrantes-del-snte","status":"publish","type":"post","link":"https:\/\/www.plurinominal.com.mx\/?p=240","title":{"rendered":"Entregaron reconocimientos a integrantes del SNTE"},"content":{"rendered":"<p>Marco Serna<br \/>\nAgremiados del Sindicato Nacional de Trabajadores de la educaci\u00f3n, llevaron a cabo la entrega de reconocimientos.<br \/>\nEl 27 de octubre se organiz\u00f3 el evento en un sal\u00f3n de la calle 5 de Febrero al cual se invit\u00f3 a las autoridades educativas, municipales y sindicales principalmente de Cerritos y Villa Ju\u00e1rez.<br \/>\nDe entrada se reconoci\u00f3 \u201cel desempe\u00f1o y la entrega de la Coordinadora de la Sub Regi\u00f3n, \u2014la Profesora Mar\u00eda Rosalba Barr\u00f3n Tovar\u2014 as\u00ed como la labor de Representantes del Centro de Trabajo y Secretarios Generales.<br \/>\n\u201cEs gracias a nuestro Sindicato, que nos sentimos respaldados e incluidos en el trabajo de nuestro representante Cris\u00f3gono S\u00e1nchez Lara, por la din\u00e1mica que ha emprendido atendiendo a la demanda de cada uno de los representados\u201d. Se dijo durante el acto.<br \/>\nDe igual modo los Profesores dieron la bienvenida a la maestra Juanita Medell\u00edn qui\u00e9n ocupar\u00eda la coordinaci\u00f3n Cerritos &#8211; Villa Ju\u00e1rez.<br \/>\nEn el acto tambi\u00e9n se aprovech\u00f3 para dar a conocer las actividades que se realizan en este municipio con rumbo al \u201cTercer Encuentro Nacional de Padres de Familia y Maestros\u201d y se explic\u00f3 lo relacionado al \u201cQuinto Congreso Nacional de Educaci\u00f3n\u201d.<br \/>\n\u201cEste Congreso promover\u00e1 la m\u00e1s amplia participaci\u00f3n social de los diferentes actores, instituciones, organizaciones y \u00f3rdenes de gobierno, para construir y asumir desde las diversas responsabilidades, la agenda educativa que genere la transformaci\u00f3n de nuestro Sistema Educativo a fin de que responda a las expectativas del M\u00e9xico del siglo XXI\u201d, se explic\u00f3 ante los presentes.<\/p>\n","protected":false},"excerpt":{"rendered":"<p>Marco Serna Agremiados del Sindicato Nacional de Trabajadores de la educaci\u00f3n, llevaron a cabo la entrega de reconocimientos. El 27 de octubre se organiz\u00f3 el evento en un sal\u00f3n de&#8230;<\/p>\n","protected":false},"author":1,"featured_media":0,"comment_status":"closed","ping_status":"open","sticky":false,"template":"","format":"standard","meta":{"footnotes":""},"categories":[3,4],"tags":[177,176,175],"class_list":["post-240","post","type-post","status-publish","format-standard","hentry","category-cerritos","category-villa-juarez","tag-maria-rosalba-barron-tova","tag-reconocimeintos","tag-snte","entry","simple"],"_links":{"self":[{"href":"https:\/\/www.plurinominal.com.mx\/index.php?rest_route=\/wp\/v2\/posts\/240","targetHints":{"allow":["GET"]}}],"collection":[{"href":"https:\/\/www.plurinominal.com.mx\/index.php?rest_route=\/wp\/v2\/posts"}],"about":[{"href":"https:\/\/www.plurinominal.com.mx\/index.php?rest_route=\/wp\/v2\/types\/post"}],"author":[{"embeddable":true,"href":"https:\/\/www.plurinominal.com.mx\/index.php?rest_route=\/wp\/v2\/users\/1"}],"replies":[{"embeddable":true,"href":"https:\/\/www.plurinominal.com.mx\/index.php?rest_route=%2Fwp%2Fv2%2Fcomments&post=240"}],"version-history":[{"count":0,"href":"https:\/\/www.plurinominal.com.mx\/index.php?rest_route=\/wp\/v2\/posts\/240\/revisions"}],"wp:attachment":[{"href":"https:\/\/www.plurinominal.com.mx\/index.php?rest_route=%2Fwp%2Fv2%2Fmedia&parent=240"}],"wp:term":[{"taxonomy":"category","embeddable":true,"href":"https:\/\/www.plurinominal.com.mx\/index.php?rest_route=%2Fwp%2Fv2%2Fcategories&post=240"},{"taxonomy":"post_tag","embeddable":true,"href":"https:\/\/www.plurinominal.com.mx\/index.php?rest_route=%2Fwp%2Fv2%2Ftags&post=240"}],"curies":[{"name":"wp","href":"https:\/\/api.w.org\/{rel}","templated":true}]}}