{"id":2408,"date":"2012-04-29T00:36:09","date_gmt":"2012-04-29T05:36:09","guid":{"rendered":"http:\/\/www.plurinominal.com.mx\/?p=2408"},"modified":"2012-04-29T00:36:09","modified_gmt":"2012-04-29T05:36:09","slug":"consignan-a-pistolero","status":"publish","type":"post","link":"https:\/\/www.plurinominal.com.mx\/?p=2408","title":{"rendered":"Consignan a pistolero"},"content":{"rendered":"<figure id=\"attachment_2409\" aria-describedby=\"caption-attachment-2409\" style=\"width: 142px\" class=\"wp-caption alignright\"><a href=\"https:\/\/www.plurinominal.com.mx\/wp-content\/uploads\/pistoleroweb.jpg\"><img loading=\"lazy\" decoding=\"async\" class=\"size-full wp-image-2409\" title=\"pistoleroweb\" src=\"https:\/\/www.plurinominal.com.mx\/wp-content\/uploads\/pistoleroweb.jpg\" alt=\"\" width=\"142\" height=\"131\" \/><\/a><figcaption id=\"caption-attachment-2409\" class=\"wp-caption-text\">El pistolero fue ingresado a las celdas.<\/figcaption><\/figure>\n<p>Pistolero fue detenido por polic\u00edas municipales la noche del s\u00e1bado. Se consign\u00f3 ante las instancias federales. DETALLES EN LA EDICION IMPRESA.<\/p>\n","protected":false},"excerpt":{"rendered":"<p>Pistolero fue detenido por polic\u00edas municipales la noche del s\u00e1bado. Se consign\u00f3 ante las instancias federales. DETALLES EN LA EDICION IMPRESA.<\/p>\n","protected":false},"author":1,"featured_media":0,"comment_status":"closed","ping_status":"open","sticky":false,"template":"","format":"standard","meta":{"footnotes":""},"categories":[465],"tags":[],"class_list":["post-2408","post","type-post","status-publish","format-standard","hentry","category-policia-2","entry","simple"],"_links":{"self":[{"href":"https:\/\/www.plurinominal.com.mx\/index.php?rest_route=\/wp\/v2\/posts\/2408","targetHints":{"allow":["GET"]}}],"collection":[{"href":"https:\/\/www.plurinominal.com.mx\/index.php?rest_route=\/wp\/v2\/posts"}],"about":[{"href":"https:\/\/www.plurinominal.com.mx\/index.php?rest_route=\/wp\/v2\/types\/post"}],"author":[{"embeddable":true,"href":"https:\/\/www.plurinominal.com.mx\/index.php?rest_route=\/wp\/v2\/users\/1"}],"replies":[{"embeddable":true,"href":"https:\/\/www.plurinominal.com.mx\/index.php?rest_route=%2Fwp%2Fv2%2Fcomments&post=2408"}],"version-history":[{"count":0,"href":"https:\/\/www.plurinominal.com.mx\/index.php?rest_route=\/wp\/v2\/posts\/2408\/revisions"}],"wp:attachment":[{"href":"https:\/\/www.plurinominal.com.mx\/index.php?rest_route=%2Fwp%2Fv2%2Fmedia&parent=2408"}],"wp:term":[{"taxonomy":"category","embeddable":true,"href":"https:\/\/www.plurinominal.com.mx\/index.php?rest_route=%2Fwp%2Fv2%2Fcategories&post=2408"},{"taxonomy":"post_tag","embeddable":true,"href":"https:\/\/www.plurinominal.com.mx\/index.php?rest_route=%2Fwp%2Fv2%2Ftags&post=2408"}],"curies":[{"name":"wp","href":"https:\/\/api.w.org\/{rel}","templated":true}]}}