{"id":242,"date":"2011-11-01T02:12:41","date_gmt":"2011-11-01T08:12:41","guid":{"rendered":"http:\/\/www.plurinominal.com.mx\/?p=242"},"modified":"2011-11-07T02:13:33","modified_gmt":"2011-11-07T08:13:33","slug":"habla-sobre-sus-acciones-el-edil-de-guadalcazar","status":"publish","type":"post","link":"https:\/\/www.plurinominal.com.mx\/?p=242","title":{"rendered":"Habla sobre sus acciones el edil de Guadalc\u00e1zar"},"content":{"rendered":"<p>\u201cDif\u00edcil apoyar a toda la gente\u201d, reconoce<\/p>\n<p>Marco Serna<br \/>\nDif\u00edcil apoyar a toda la gente, m\u00e1s aun cuando la mayor\u00eda intenta apoyos econ\u00f3micos los que generalmente son dif\u00edciles de comprobar, reconoci\u00f3 este lunes el alcalde de Guadalc\u00e1zar \u00c1lvaro Gustavo Jim\u00e9nez Reyes.<br \/>\n El Presidente Municipal, manifest\u00f3 que actualmente le \u201cest\u00e1n recortando las participaciones en Gobierno del Estado, y all\u00ed es d\u00f3nde se pone dif\u00edcil la situaci\u00f3n para uno ya que la gente se molesta porque no los atendemos\u201d. Remarc\u00f3 que su prioridad es sacar adelante las peticiones de los vecinos del lugar que gobierna.<br \/>\nSobre las \u00faltimas acciones, indic\u00f3 que se rehabilita el camino que conecta con \u00c1brego, \u2014desde Pozo de Acu\u00f1a\u2014, lo cual se traduce en beneficios para todo aqu\u00e9l que viaje por ese lugar en veh\u00edculo de motor.<br \/>\nEn cuanto a los comentarios mencionados por ciudadanos en relaci\u00f3n a que en la cabecera \u201cs\u00f3lo se ha pavimentado una calle\u201d, Jim\u00e9nez Reyes defendi\u00f3 las acciones del ayuntamiento al se\u00f1alar que existen obras como una techumbre en la escuela primaria Miguel Hidalgo, as\u00ed como apoyos econ\u00f3micos y de material en la misma instituci\u00f3n.<br \/>\nPara favorecer a la Secundaria T\u00e9cnica n\u00famero 15, el edil orden\u00f3 la rehabilitaci\u00f3n de un kil\u00f3metro 200 metros de pavimento de concreto en beneficio del lugar, y remarc\u00f3 la ampliaci\u00f3n de un puente \u201cen el que caben dos carros perfectamente\u201d y las labores en la calle Jim\u00e9nez desde Ocampo hasta el Auditorio Municipal.<br \/>\nSobre los trabajos que se hacen en la calle \u201c\u00c1vila\u201d, explic\u00f3 que tendr\u00e1n una magnitud de un kil\u00f3metro, obra que se logr\u00f3 gracias a la participaci\u00f3n entre los 3 niveles de gobierno\u201d.<br \/>\nAgreg\u00f3 las dos ampliaciones de electrificaci\u00f3n, una en la Unidad Deportiva y otra en el Barrio de San Pedro.<br \/>\nEn relaci\u00f3n a los casi 11 meses que le quedan de gobierno, \u00c1lvaro Gustavo descart\u00f3 que la mayor\u00eda del tiempo se vaya a enfocar en \u201chacer pol\u00edtica y dijo, \u201cpara m\u00ed es trabajo\u201d, aunque reconoci\u00f3 que ambas materias \u201cvan de la mano\u201d.<br \/>\nEl alcalde de Guadalc\u00e1zar, sostuvo que existen muchos opositores como aquellos que piden la creaci\u00f3n de un \u201cCobach\u201d.<br \/>\nAl respecto hizo la invitaci\u00f3n a ser objetivos, \u201cyo ten\u00eda la intenci\u00f3n y me hab\u00eda comprometido en adquirir un terreno aqu\u00ed en el municipio, pero la apertura program\u00e1tica no fue favorable.<br \/>\nNo me iba a arriesgar a comprar un terreno que puede echar atr\u00e1s la auditor\u00eda\u201d, manifest\u00f3.<br \/>\nAgreg\u00f3 que a\u00fan tiene demasiados compromisos con las localidades pertenecientes a la cabecera municipal, que no se han llevado a cabo, los que intentar\u00e1 sacar adelante el pr\u00f3ximo a\u00f1o, \u201cpara quedar tranquilos, no conformes\u201d.<br \/>\nIndic\u00f3 que Guadalc\u00e1zar es el segundo municipio m\u00e1s grande del estado, sin embargo el lugar es de los que mayor obra ha conveniado con SEDESOL gracias a que se han realizado las gestiones necesarias.<\/p>\n","protected":false},"excerpt":{"rendered":"<p>\u201cDif\u00edcil apoyar a toda la gente\u201d, reconoce Marco Serna Dif\u00edcil apoyar a toda la gente, m\u00e1s aun cuando la mayor\u00eda intenta apoyos econ\u00f3micos los que generalmente son dif\u00edciles de comprobar,&#8230;<\/p>\n","protected":false},"author":1,"featured_media":0,"comment_status":"closed","ping_status":"open","sticky":false,"template":"","format":"standard","meta":{"footnotes":""},"categories":[6],"tags":[178,85],"class_list":["post-242","post","type-post","status-publish","format-standard","hentry","category-guadalcazar","tag-alvaro-gustavo-jimenez-reyes","tag-apoyos","entry","simple"],"_links":{"self":[{"href":"https:\/\/www.plurinominal.com.mx\/index.php?rest_route=\/wp\/v2\/posts\/242","targetHints":{"allow":["GET"]}}],"collection":[{"href":"https:\/\/www.plurinominal.com.mx\/index.php?rest_route=\/wp\/v2\/posts"}],"about":[{"href":"https:\/\/www.plurinominal.com.mx\/index.php?rest_route=\/wp\/v2\/types\/post"}],"author":[{"embeddable":true,"href":"https:\/\/www.plurinominal.com.mx\/index.php?rest_route=\/wp\/v2\/users\/1"}],"replies":[{"embeddable":true,"href":"https:\/\/www.plurinominal.com.mx\/index.php?rest_route=%2Fwp%2Fv2%2Fcomments&post=242"}],"version-history":[{"count":0,"href":"https:\/\/www.plurinominal.com.mx\/index.php?rest_route=\/wp\/v2\/posts\/242\/revisions"}],"wp:attachment":[{"href":"https:\/\/www.plurinominal.com.mx\/index.php?rest_route=%2Fwp%2Fv2%2Fmedia&parent=242"}],"wp:term":[{"taxonomy":"category","embeddable":true,"href":"https:\/\/www.plurinominal.com.mx\/index.php?rest_route=%2Fwp%2Fv2%2Fcategories&post=242"},{"taxonomy":"post_tag","embeddable":true,"href":"https:\/\/www.plurinominal.com.mx\/index.php?rest_route=%2Fwp%2Fv2%2Ftags&post=242"}],"curies":[{"name":"wp","href":"https:\/\/api.w.org\/{rel}","templated":true}]}}