{"id":2447,"date":"2012-05-01T14:04:09","date_gmt":"2012-05-01T19:04:09","guid":{"rendered":"http:\/\/www.plurinominal.com.mx\/?p=2447"},"modified":"2012-05-01T14:04:09","modified_gmt":"2012-05-01T19:04:09","slug":"ayuntamiento-tiene-ambulancia-en-el-abandono-frente-al-dif-municipal","status":"publish","type":"post","link":"https:\/\/www.plurinominal.com.mx\/?p=2447","title":{"rendered":"Ayuntamiento tiene ambulancia en el abandono frente al DIF Municipal"},"content":{"rendered":"<ul>\n<li>Desde hace un mes permanece inservible en el lugar<\/li>\n<\/ul>\n<p><em>Redacci\u00f3n y Francisco V.-<\/em> Ha pasado casi un mes, y el ayuntamiento mantiene en el abandono una ambulancia frente a las instalaciones del DIF municipal.<br \/>\nSe sabe que el veh\u00edculo primero tuvo problemas con un juego de rines, los cuales de acuerdo a los operadores, \u201cestaban muy gastados y pod\u00edan ser factor de accidentes\u201d.<br \/>\nPrimero se comision\u00f3 a personal para conseguirlos, pero se adquirieron unos usados y de lujo que no le quedaron. Asimismo mec\u00e1nicos quisieron colocarlos a la fuerza haciendo perforaciones inadecuadas.<br \/>\nAhora ya no pusieron ni siquiera los convencionales, debido a que los rines se debilitar\u00edan y podr\u00edan quebrarse por el peso y velocidad del veh\u00edculo.<br \/>\nDesde el 6 de marzo, se not\u00f3 la ambulancia estacionada frente al DIF, y a casi un mes permanece en el lugar, pero ahora con un neum\u00e1tico desinflado y con los efectos del abandono.<br \/>\nTrabajadores municipales, relataron a este medio de informaci\u00f3n, que el H. Ayuntamiento para dar auxilio a la poblaci\u00f3n est\u00e1 haciendo uso de la ambulancia destinada al Centro de Salud. Esta no es suficiente ya que en ocasiones se tienen muchas solicitudes de traslados y la que permanece abandonada hace falta.<br \/>\nRecordaron la ocasi\u00f3n, cuando se tuvo que pedir la ambulancia destinada al Centro de Salud de la comunidad de Ojo de Agua que fue solicitada al juez auxiliar de aquella comunidad para un traslado.<br \/>\nTambi\u00e9n el municipio de Ciudad Fern\u00e1ndez ha colaborado prestando una ambulancia por varios d\u00edas, la cual ya fue regresada a ese municipio.<br \/>\nPor ahora, \u2014mientras se observan trabajos de rehabilitaci\u00f3n sobre algunas arterias\u2014 los problemas de falta de ambulancias contin\u00faan y que \u00e9stos seguir\u00e1n mientras no sea rehabilitada y puesta en funcionamiento la que est\u00e1 frente al DIF.<br \/>\nUna persona dijo que hace unos d\u00edas tuvo la necesidad de trasladar a un familiar a la ciudad de San Luis Potos\u00ed, sin embargo encontr\u00f3 muchas dificultades hasta que estuvo disponible la ambulancia del Centro de Salud.<br \/>\nCiudadanos recomiendan a la alcaldesa interina que ponga atenci\u00f3n no s\u00f3lo en las calles, puesto que el mantenimiento de la ambulancia es de primordial importancia para atender urgencias m\u00e9dicas.<\/p>\n","protected":false},"excerpt":{"rendered":"<p>Desde hace un mes permanece inservible en el lugar Redacci\u00f3n y Francisco V.- Ha pasado casi un mes, y el ayuntamiento mantiene en el abandono una ambulancia frente a las&#8230;<\/p>\n","protected":false},"author":1,"featured_media":0,"comment_status":"closed","ping_status":"open","sticky":false,"template":"","format":"standard","meta":{"footnotes":""},"categories":[3],"tags":[],"class_list":["post-2447","post","type-post","status-publish","format-standard","hentry","category-cerritos","entry","simple"],"_links":{"self":[{"href":"https:\/\/www.plurinominal.com.mx\/index.php?rest_route=\/wp\/v2\/posts\/2447","targetHints":{"allow":["GET"]}}],"collection":[{"href":"https:\/\/www.plurinominal.com.mx\/index.php?rest_route=\/wp\/v2\/posts"}],"about":[{"href":"https:\/\/www.plurinominal.com.mx\/index.php?rest_route=\/wp\/v2\/types\/post"}],"author":[{"embeddable":true,"href":"https:\/\/www.plurinominal.com.mx\/index.php?rest_route=\/wp\/v2\/users\/1"}],"replies":[{"embeddable":true,"href":"https:\/\/www.plurinominal.com.mx\/index.php?rest_route=%2Fwp%2Fv2%2Fcomments&post=2447"}],"version-history":[{"count":0,"href":"https:\/\/www.plurinominal.com.mx\/index.php?rest_route=\/wp\/v2\/posts\/2447\/revisions"}],"wp:attachment":[{"href":"https:\/\/www.plurinominal.com.mx\/index.php?rest_route=%2Fwp%2Fv2%2Fmedia&parent=2447"}],"wp:term":[{"taxonomy":"category","embeddable":true,"href":"https:\/\/www.plurinominal.com.mx\/index.php?rest_route=%2Fwp%2Fv2%2Fcategories&post=2447"},{"taxonomy":"post_tag","embeddable":true,"href":"https:\/\/www.plurinominal.com.mx\/index.php?rest_route=%2Fwp%2Fv2%2Ftags&post=2447"}],"curies":[{"name":"wp","href":"https:\/\/api.w.org\/{rel}","templated":true}]}}