{"id":2450,"date":"2012-05-01T14:07:07","date_gmt":"2012-05-01T19:07:07","guid":{"rendered":"http:\/\/www.plurinominal.com.mx\/?p=2450"},"modified":"2012-05-01T14:07:23","modified_gmt":"2012-05-01T19:07:23","slug":"2450","status":"publish","type":"post","link":"https:\/\/www.plurinominal.com.mx\/?p=2450","title":{"rendered":"6 meses sin agua en El Sauz"},"content":{"rendered":"<ul>\n<li>Ayuntamiento no ha pagado \u201c27 mil pesos\u201d por reparaci\u00f3n de bomba<\/li>\n<li>Comuneros daban por saldado el adeudo<\/li>\n<li>La reparaci\u00f3n no excede m\u00e1s de una semana y s\u00f3lo sale en 17 mil, les explicaron en taller<\/li>\n<\/ul>\n<p><em>Redacci\u00f3n y Francisco V.-<\/em> \u201cPuras mentiras\u201d es el resultado obtenido por los vecinos de El Sa\u00faz a trav\u00e9s del paso de la administraci\u00f3n. Explican que a la fecha tienen ya 6 meses sin agua y no han podido resolverles la problem\u00e1tica.<br \/>\nAsimismo reunieron una cooperaci\u00f3n para el arreglo de 27 mil pesos \u2014donde presidencia pondr\u00eda una parte\u2014 pero el dinero no le fue entregado al taller donde luego supieron, s\u00f3lo cobrar\u00edan 17 mil.<br \/>\nUn grupo de quejosos, se dirigi\u00f3 a este medio para denunciar que la culpa del desabasto de agua es del H. Ayuntamiento.<br \/>\nAseguraron que a 6 meses, s\u00f3lo han obtenido \u201cmentiras\u201d, porque ellos descubrieron la verdad al acudir a d\u00f3nde la bomba se encuentra en reparaci\u00f3n.<br \/>\nEn el mes de noviembre del 2011, la bomba del pozo que surte de agua a esa comunidad se averi\u00f3 y como las reparaciones son costosas, recurrieron al apoyo de la Presidencia.<br \/>\nA las autoridades les expusieron la situaci\u00f3n y primeramente se har\u00eda una evaluaci\u00f3n sobre los da\u00f1os.<br \/>\nEl ayuntamiento comision\u00f3 a personal, quienes informaron que el costo de la reparaci\u00f3n ser\u00eda de $27,000 (VEINTISIETE MIL PESOS) pesos.<br \/>\nLes pidieron reunir una cooperaci\u00f3n y el faltante lo proporcionar\u00eda la Presidencia Municipal. Ellos cumplieron entregando la suma que reunieron y desde ese momento les dijeron que el arreglo de la bomba durar\u00eda alrededor de dos meses. Esperaron tranquilamente, pero pasaron los dos meses prometidos y entonces acudieron a preguntar a la Presidencia Municipal y el personal encargado les comunic\u00f3 que la bomba se tardar\u00eda \u201cotro mes\u201d. As\u00ed sucesivamente les fueron dando largas, y es fecha que la bomba a\u00fan no ha sido reparada.<br \/>\nCuentan con un recibo que les proporcionaron las autoridades donde se menciona el costo y que la bomba \u201cest\u00e1 en reparaci\u00f3n\u201d.<br \/>\nSin embargo investigaron si era verdad que el artefacto se llev\u00f3 a un taller denominado \u201cServi Bombas\u201d y el jueves 26 de abril acudieron a San Luis Potos\u00ed. All\u00ed les informaron que la bomba estaba en el lugar, pero la empresa hasta el momento no hab\u00eda recibido ning\u00fan centavo para los trabajos.<br \/>\nTambi\u00e9n les mencionaron que la reparaci\u00f3n no exced\u00eda de una semana y la tardanza en s\u00ed, se deb\u00eda a la falta de recursos econ\u00f3micos que no entreg\u00f3 la Presidencia Municipal para los trabajos.<br \/>\nOtra cosa que incomod\u00f3 a los habitantes del Sa\u00faz fue que al preguntar el costo de la reparaci\u00f3n, les informaron que este ser\u00eda de 17 mil pesos.<br \/>\nVecinos del Sa\u00faz, aseguran que en el H. Ayuntamiento hay quienes quieren hacer negocio a sus costillas.<br \/>\nRealizaron una reuni\u00f3n el s\u00e1bado 28 abril, para informar a los habitantes de ese lugar lo que est\u00e1 sucediendo y culpan a la Presidencia Municipal por la falta de agua durante seis meses, lo que consideran una negligencia.<br \/>\nEn la reuni\u00f3n, se conform\u00f3 una comisi\u00f3n para entrevistarse con la alcaldesa interina Irma Nubia Rodr\u00edguez Carbajal, a quien cuestionar\u00e1n sobre la indolencia \u2014de la que ya debe estar enterada\u2014.<br \/>\nEsperan encontrar respuesta sobre d\u00f3nde quedaron los recursos econ\u00f3micos que entregaron para la reparaci\u00f3n, puesto que \u00e9stos no han llegado ni como adelanto al taller de reparaci\u00f3n.<br \/>\nTambi\u00e9n ser\u00e1n testigos si en efecto Nubia Rodr\u00edguez es muy estricta o seguir\u00e1 en su postura tolerando las inconsistencias del personal y dedicada \u00fanicamente a reparar calles y a exigir horarios 24 x 24.<\/p>\n","protected":false},"excerpt":{"rendered":"<p>Ayuntamiento no ha pagado \u201c27 mil pesos\u201d por reparaci\u00f3n de bomba Comuneros daban por saldado el adeudo La reparaci\u00f3n no excede m\u00e1s de una semana y s\u00f3lo sale en 17&#8230;<\/p>\n","protected":false},"author":1,"featured_media":0,"comment_status":"closed","ping_status":"open","sticky":false,"template":"","format":"standard","meta":{"footnotes":""},"categories":[3],"tags":[],"class_list":["post-2450","post","type-post","status-publish","format-standard","hentry","category-cerritos","entry","simple"],"_links":{"self":[{"href":"https:\/\/www.plurinominal.com.mx\/index.php?rest_route=\/wp\/v2\/posts\/2450","targetHints":{"allow":["GET"]}}],"collection":[{"href":"https:\/\/www.plurinominal.com.mx\/index.php?rest_route=\/wp\/v2\/posts"}],"about":[{"href":"https:\/\/www.plurinominal.com.mx\/index.php?rest_route=\/wp\/v2\/types\/post"}],"author":[{"embeddable":true,"href":"https:\/\/www.plurinominal.com.mx\/index.php?rest_route=\/wp\/v2\/users\/1"}],"replies":[{"embeddable":true,"href":"https:\/\/www.plurinominal.com.mx\/index.php?rest_route=%2Fwp%2Fv2%2Fcomments&post=2450"}],"version-history":[{"count":0,"href":"https:\/\/www.plurinominal.com.mx\/index.php?rest_route=\/wp\/v2\/posts\/2450\/revisions"}],"wp:attachment":[{"href":"https:\/\/www.plurinominal.com.mx\/index.php?rest_route=%2Fwp%2Fv2%2Fmedia&parent=2450"}],"wp:term":[{"taxonomy":"category","embeddable":true,"href":"https:\/\/www.plurinominal.com.mx\/index.php?rest_route=%2Fwp%2Fv2%2Fcategories&post=2450"},{"taxonomy":"post_tag","embeddable":true,"href":"https:\/\/www.plurinominal.com.mx\/index.php?rest_route=%2Fwp%2Fv2%2Ftags&post=2450"}],"curies":[{"name":"wp","href":"https:\/\/api.w.org\/{rel}","templated":true}]}}