{"id":2457,"date":"2012-05-01T14:18:16","date_gmt":"2012-05-01T19:18:16","guid":{"rendered":"http:\/\/www.plurinominal.com.mx\/?p=2457"},"modified":"2012-05-01T14:18:16","modified_gmt":"2012-05-01T19:18:16","slug":"cerritos-hundido-en-el-caos-vial","status":"publish","type":"post","link":"https:\/\/www.plurinominal.com.mx\/?p=2457","title":{"rendered":"Cerritos hundido en el caos vial"},"content":{"rendered":"<ul>\n<li>Embotellamientos debido al cierre de las arterias e inicio de campa\u00f1as<\/li>\n<li>No fue el mejor momento para los trabajos ordenados por el ayuntamiento<\/li>\n<\/ul>\n<p><em>Marco Serna.-<\/em> Cerritos se encuentra hundido en un verdadero \u201ccaos vial\u201d, esto debido al cierre de las arterias principales, las caravanas de autos que acompa\u00f1an a los candidatos y los festejos en el barrio de la Santa Cruz.<br \/>\nA pesar de las buenas intenciones de la \u201cAlcaldesa Interina\u201d y de que las obras ser\u00e1n en beneficio de la poblaci\u00f3n, esos trabajos no fueron ordenados en el mejor momento.<br \/>\nEn la zona centro no se cuenta con rutas alternas, siendo la intersecci\u00f3n de la calle Hidalgo y Ocampo el \u00fanico desahogo del tr\u00e1nsito vial, incluso ya se han visto veh\u00edculos de gran tonelaje atorados en las angostas v\u00edas, lo que aumenta el problema en horario pico.<br \/>\nAsimismo la calle Benito Ju\u00e1rez presenta obst\u00e1culos a la altura con H\u00e9roes de Nacozari.<br \/>\nEso no es todo, con los festejos del barrio de la Santa Cruz, se espera al menos el cierre de un sector de las calles Allende y Morelos pero adem\u00e1s ya est\u00e1 cerrada la calle D\u00edez Guti\u00e9rrez por rehabilitaci\u00f3n.<br \/>\nEste domingo 29 de abril, el PRI inici\u00f3 su arranque convocando a la mayor\u00eda de sus simpatizantes, incluso se anunci\u00f3 una cabalgata. Asimismo Arturo Narv\u00e1ez cit\u00f3 a su gente en la comunidad de Tepoz\u00e1n, por ello se not\u00f3 un desastre total en relaci\u00f3n a los embotellamientos.<br \/>\nEn ese intento desesperado por justificar trabajo en el corto tiempo que tiene de \u201cinterina\u201d la Presidenta Irma Nubia Rodr\u00edguez, tal vez no someti\u00f3 a debate el tomar las precauciones por las cuestiones aqu\u00ed planteadas, y aunque el beneficio se ver\u00e1 a la larga, por ahora el problema vial contin\u00faa.<\/p>\n","protected":false},"excerpt":{"rendered":"<p>Embotellamientos debido al cierre de las arterias e inicio de campa\u00f1as No fue el mejor momento para los trabajos ordenados por el ayuntamiento Marco Serna.- Cerritos se encuentra hundido en&#8230;<\/p>\n","protected":false},"author":1,"featured_media":0,"comment_status":"closed","ping_status":"open","sticky":false,"template":"","format":"standard","meta":{"footnotes":""},"categories":[3],"tags":[],"class_list":["post-2457","post","type-post","status-publish","format-standard","hentry","category-cerritos","entry","simple"],"_links":{"self":[{"href":"https:\/\/www.plurinominal.com.mx\/index.php?rest_route=\/wp\/v2\/posts\/2457","targetHints":{"allow":["GET"]}}],"collection":[{"href":"https:\/\/www.plurinominal.com.mx\/index.php?rest_route=\/wp\/v2\/posts"}],"about":[{"href":"https:\/\/www.plurinominal.com.mx\/index.php?rest_route=\/wp\/v2\/types\/post"}],"author":[{"embeddable":true,"href":"https:\/\/www.plurinominal.com.mx\/index.php?rest_route=\/wp\/v2\/users\/1"}],"replies":[{"embeddable":true,"href":"https:\/\/www.plurinominal.com.mx\/index.php?rest_route=%2Fwp%2Fv2%2Fcomments&post=2457"}],"version-history":[{"count":0,"href":"https:\/\/www.plurinominal.com.mx\/index.php?rest_route=\/wp\/v2\/posts\/2457\/revisions"}],"wp:attachment":[{"href":"https:\/\/www.plurinominal.com.mx\/index.php?rest_route=%2Fwp%2Fv2%2Fmedia&parent=2457"}],"wp:term":[{"taxonomy":"category","embeddable":true,"href":"https:\/\/www.plurinominal.com.mx\/index.php?rest_route=%2Fwp%2Fv2%2Fcategories&post=2457"},{"taxonomy":"post_tag","embeddable":true,"href":"https:\/\/www.plurinominal.com.mx\/index.php?rest_route=%2Fwp%2Fv2%2Ftags&post=2457"}],"curies":[{"name":"wp","href":"https:\/\/api.w.org\/{rel}","templated":true}]}}