{"id":2487,"date":"2012-05-03T21:13:10","date_gmt":"2012-05-04T02:13:10","guid":{"rendered":"http:\/\/www.plurinominal.com.mx\/?p=2487"},"modified":"2012-05-03T21:13:10","modified_gmt":"2012-05-04T02:13:10","slug":"se-quiso-suicidar","status":"publish","type":"post","link":"https:\/\/www.plurinominal.com.mx\/?p=2487","title":{"rendered":"Se quiso suicidar"},"content":{"rendered":"<p><em>Redacci\u00f3n.-<\/em> Tragedia por poco enluta a vecinos de la calle Alberto Carrera Torres, esto luego de conocerse las negras intenciones de un suicida que por fortuna no logr\u00f3 el \u00abfalso escape\u00bb.<br \/>\nLos hechos ocurrieron este mi\u00e9rcoles a las 4:00 PM, cuando en el n\u00famero 12 del la arteria mencionada, Mar\u00eda Guadalupe Esquivel de 25 a\u00f1os encontr\u00f3 a Fernando Guerrero Chavira a punto de colgarse.<br \/>\nPocos datos fluyen en la corporaci\u00f3n policiaca del municipio respecto al tema, pero se sabe que las intenciones del sujeto se frustraron.<\/p>\n","protected":false},"excerpt":{"rendered":"<p>Redacci\u00f3n.- Tragedia por poco enluta a vecinos de la calle Alberto Carrera Torres, esto luego de conocerse las negras intenciones de un suicida que por fortuna no logr\u00f3 el \u00abfalso&#8230;<\/p>\n","protected":false},"author":1,"featured_media":0,"comment_status":"closed","ping_status":"open","sticky":false,"template":"","format":"standard","meta":{"footnotes":""},"categories":[465],"tags":[],"class_list":["post-2487","post","type-post","status-publish","format-standard","hentry","category-policia-2","entry","simple"],"_links":{"self":[{"href":"https:\/\/www.plurinominal.com.mx\/index.php?rest_route=\/wp\/v2\/posts\/2487","targetHints":{"allow":["GET"]}}],"collection":[{"href":"https:\/\/www.plurinominal.com.mx\/index.php?rest_route=\/wp\/v2\/posts"}],"about":[{"href":"https:\/\/www.plurinominal.com.mx\/index.php?rest_route=\/wp\/v2\/types\/post"}],"author":[{"embeddable":true,"href":"https:\/\/www.plurinominal.com.mx\/index.php?rest_route=\/wp\/v2\/users\/1"}],"replies":[{"embeddable":true,"href":"https:\/\/www.plurinominal.com.mx\/index.php?rest_route=%2Fwp%2Fv2%2Fcomments&post=2487"}],"version-history":[{"count":0,"href":"https:\/\/www.plurinominal.com.mx\/index.php?rest_route=\/wp\/v2\/posts\/2487\/revisions"}],"wp:attachment":[{"href":"https:\/\/www.plurinominal.com.mx\/index.php?rest_route=%2Fwp%2Fv2%2Fmedia&parent=2487"}],"wp:term":[{"taxonomy":"category","embeddable":true,"href":"https:\/\/www.plurinominal.com.mx\/index.php?rest_route=%2Fwp%2Fv2%2Fcategories&post=2487"},{"taxonomy":"post_tag","embeddable":true,"href":"https:\/\/www.plurinominal.com.mx\/index.php?rest_route=%2Fwp%2Fv2%2Ftags&post=2487"}],"curies":[{"name":"wp","href":"https:\/\/api.w.org\/{rel}","templated":true}]}}