{"id":2491,"date":"2012-05-03T22:42:51","date_gmt":"2012-05-04T03:42:51","guid":{"rendered":"http:\/\/www.plurinominal.com.mx\/?p=2491"},"modified":"2012-05-03T22:42:51","modified_gmt":"2012-05-04T03:42:51","slug":"candidatos-felicitaron-a-los-albaniles-en-su-dia","status":"publish","type":"post","link":"https:\/\/www.plurinominal.com.mx\/?p=2491","title":{"rendered":"Candidatos felicitaron a los alba\u00f1iles en su d\u00eda"},"content":{"rendered":"<p><em>Marco Serna.<\/em>&#8211; Candidatos aprovecharon para felicitar a los \u201calba\u00f1iles\u201d en su d\u00eda a trav\u00e9s de diversas celebraciones.<br \/>\nDesde temprano, se anunci\u00f3 un festejo especial para conmemorar a los \u201calarifes\u201d en el Sal\u00f3n Country, a donde se dieron cita cientos de constructores acompa\u00f1ados de sus familias.<br \/>\nEn ese lugar el Candidato por el Partido Acci\u00f3n Nacional Arturo Narv\u00e1ez, llev\u00f3 a cabo un gran convivio que culmin\u00f3 casi entrada la noche, donde hubo comida, bebida y sorpresas.<br \/>\nAl abanderado del PRI Jorge Quintero, se le observ\u00f3 en la calle Privada de Mina d\u00f3nde en evento organizado por el Arquitecto Carlos Guerrero, se aprovech\u00f3 para desear lo mejor a los alba\u00f1iles, no sin antes llevar a cabo rifas y ofrecerles un aperitivo.<br \/>\nDe igual modo se le realizaron algunas peticiones.<br \/>\nLos festejos se extendieron para la poblaci\u00f3n general en el barrio de la Santa Cruz.<\/p>\n","protected":false},"excerpt":{"rendered":"<p>Marco Serna.&#8211; Candidatos aprovecharon para felicitar a los \u201calba\u00f1iles\u201d en su d\u00eda a trav\u00e9s de diversas celebraciones. Desde temprano, se anunci\u00f3 un festejo especial para conmemorar a los \u201calarifes\u201d en&#8230;<\/p>\n","protected":false},"author":1,"featured_media":0,"comment_status":"closed","ping_status":"open","sticky":false,"template":"","format":"standard","meta":{"footnotes":""},"categories":[3],"tags":[],"class_list":["post-2491","post","type-post","status-publish","format-standard","hentry","category-cerritos","entry","simple"],"_links":{"self":[{"href":"https:\/\/www.plurinominal.com.mx\/index.php?rest_route=\/wp\/v2\/posts\/2491","targetHints":{"allow":["GET"]}}],"collection":[{"href":"https:\/\/www.plurinominal.com.mx\/index.php?rest_route=\/wp\/v2\/posts"}],"about":[{"href":"https:\/\/www.plurinominal.com.mx\/index.php?rest_route=\/wp\/v2\/types\/post"}],"author":[{"embeddable":true,"href":"https:\/\/www.plurinominal.com.mx\/index.php?rest_route=\/wp\/v2\/users\/1"}],"replies":[{"embeddable":true,"href":"https:\/\/www.plurinominal.com.mx\/index.php?rest_route=%2Fwp%2Fv2%2Fcomments&post=2491"}],"version-history":[{"count":0,"href":"https:\/\/www.plurinominal.com.mx\/index.php?rest_route=\/wp\/v2\/posts\/2491\/revisions"}],"wp:attachment":[{"href":"https:\/\/www.plurinominal.com.mx\/index.php?rest_route=%2Fwp%2Fv2%2Fmedia&parent=2491"}],"wp:term":[{"taxonomy":"category","embeddable":true,"href":"https:\/\/www.plurinominal.com.mx\/index.php?rest_route=%2Fwp%2Fv2%2Fcategories&post=2491"},{"taxonomy":"post_tag","embeddable":true,"href":"https:\/\/www.plurinominal.com.mx\/index.php?rest_route=%2Fwp%2Fv2%2Ftags&post=2491"}],"curies":[{"name":"wp","href":"https:\/\/api.w.org\/{rel}","templated":true}]}}