{"id":2536,"date":"2012-05-10T21:07:18","date_gmt":"2012-05-11T02:07:18","guid":{"rendered":"http:\/\/www.plurinominal.com.mx\/?p=2536"},"modified":"2012-05-10T21:07:18","modified_gmt":"2012-05-11T02:07:18","slug":"cada-vez-somos-mas-carlos-ruiz","status":"publish","type":"post","link":"https:\/\/www.plurinominal.com.mx\/?p=2536","title":{"rendered":"Cada vez somos m\u00e1s: Carlos Ruiz"},"content":{"rendered":"<p><em>Rom\u00e1n G.- <\/em>Con las palabras \u201ccada vez somos m\u00e1s\u201d, comenz\u00f3 las actividades de la presente semana el Partido Verde Ecologista de M\u00e9xico.<br \/>\nEl aspirante a la silla presidencial Carlos Ruiz manifest\u00f3, \u201cgracias a las inalcanzables labores del comit\u00e9 municipal del Partido Verde, cada d\u00eda desde el inicio de la campa\u00f1a hemos logrado ir sumando a m\u00e1s y m\u00e1s gente al movimiento del Verde. Sabemos que no es f\u00e1cil compararnos con nuestros rivales en turno, que dicen ser la pr\u00f3xima administraci\u00f3n, en vez de eso la Fuerza Verde ha trabajado en conjunto con la ciudadan\u00eda para saber sus opiniones y necesidades que realmente deben ser cumplidas. Nosotros estamos enfocados en seguir invitando a los cerritenses a unirse al Verde, queremos ser francos con la gente y demostrarles el trabajo que tendremos una vez que lleguemos a la silla presidencial\u201d.<br \/>\nEn cada visita a las comunidades una de las propuestas presentadas por el \u201cNi\u00f1o Verde\u201d ha sido la formaci\u00f3n de comit\u00e9s en cada barrio y lugar, teniendo como objetivo involucrar a nuestra gente, puesto que como su nombre lo dice, la administraci\u00f3n \u201cmunicipal\u201d debe tener un mayor acercamiento, siendo las mismas personas quienes tengan la oportunidad de decidir qu\u00e9 obras deben ser realizadas a beneficio de nuestro municipio y sus propias comunidades, para ello cada comit\u00e9 elegido por los mismos barrios, deber\u00e1 poner en la mesa las opiniones y sugerencias de los beneficiados.<br \/>\nRuiz P\u00e9rez concluy\u00f3 \u201cel Verde paso a paso ir\u00e1 trabajando por Cerritos y para Cerritos\u201d.<\/p>\n<p><strong>Estoy Seguro de que el segundo distrito se pintar\u00e1 de Verde: Ra\u00fal Sustaita<\/strong><\/p>\n<figure id=\"attachment_2537\" aria-describedby=\"caption-attachment-2537\" style=\"width: 300px\" class=\"wp-caption alignright\"><a href=\"https:\/\/www.plurinominal.com.mx\/wp-content\/uploads\/4-sustaita-copia.jpg\"><img loading=\"lazy\" decoding=\"async\" class=\"size-medium wp-image-2537\" title=\"4 sustaita copia\" src=\"https:\/\/www.plurinominal.com.mx\/wp-content\/uploads\/4-sustaita-copia-300x224.jpg\" alt=\"\" width=\"300\" height=\"224\" srcset=\"https:\/\/www.plurinominal.com.mx\/wp-content\/uploads\/4-sustaita-copia-300x224.jpg 300w, https:\/\/www.plurinominal.com.mx\/wp-content\/uploads\/4-sustaita-copia.jpg 335w\" sizes=\"auto, (max-width: 300px) 100vw, 300px\" \/><\/a><figcaption id=\"caption-attachment-2537\" class=\"wp-caption-text\">Ra\u00fal Sustaita.<\/figcaption><\/figure>\n<p>En su pasada visita a este municipio, el candidato por el segundo distrito por el Verde Ecologista Ra\u00fal Sustaita, asegur\u00f3 que en estas pr\u00f3ximas elecciones el Verde arrasar\u00e1 con las votaciones, \u201cestamos a tiempo de un cambio, pero un cambio verdadero, necesario para mejorar al segundo distrito\u201d.<br \/>\nEn su estancia en nuestro municipio este 5 de Mayo, el aspirante acudi\u00f3 a la final de futbol de la primera fuerza, lugar donde con la ayuda de su comit\u00e9 repartieron playeras del Verde, que poco a poco comenzara a abarrotar la grader\u00eda de la Gallera.<br \/>\n\u201cConf\u00edo plenamente en que los cerritenses y dem\u00e1s municipios pertenecientes al segundo distrito nos brindar\u00e1n la oportunidad de llegar a la diputaci\u00f3n, con el compromiso de trabajar arduamente para el apoyo social, como hemos demostrado en esta visita. Es muy importante lucir las ganas de trabajo que el Verde tiene.<br \/>\nEn las diferentes votaciones de diputados, senadores y presidencia municipal, invito a los cerritenses a unirse al movimiento Verde a que nos brinden la oportunidad de hacer un cambio verdadero y no solo promesas\u201d.<br \/>\nAntes de su retirada de esta cabecera, el candidato manifest\u00f3 \u201cen nuestra contienda electoral trataremos de visitar a los 8 municipios pertenecientes al segundo distrito, teniendo acercamientos con toda la ciudadan\u00eda, espero pronto regresar a Cerritos para continuar trabajando con la bonita gente cerritense\u201d.<\/p>\n<p><strong>\u00a0Apoyo a la juventud: Carmen Meza<\/strong><\/p>\n<figure id=\"attachment_2538\" aria-describedby=\"caption-attachment-2538\" style=\"width: 300px\" class=\"wp-caption alignright\"><a href=\"https:\/\/www.plurinominal.com.mx\/wp-content\/uploads\/9-carmen-meza-copia.jpg\"><img loading=\"lazy\" decoding=\"async\" class=\"size-medium wp-image-2538\" title=\"9 carmen meza copia\" src=\"https:\/\/www.plurinominal.com.mx\/wp-content\/uploads\/9-carmen-meza-copia-300x204.jpg\" alt=\"\" width=\"300\" height=\"204\" srcset=\"https:\/\/www.plurinominal.com.mx\/wp-content\/uploads\/9-carmen-meza-copia-300x204.jpg 300w, https:\/\/www.plurinominal.com.mx\/wp-content\/uploads\/9-carmen-meza-copia.jpg 335w\" sizes=\"auto, (max-width: 300px) 100vw, 300px\" \/><\/a><figcaption id=\"caption-attachment-2538\" class=\"wp-caption-text\">Carmen Meza.<\/figcaption><\/figure>\n<p>Desde el arranque oficial de la campa\u00f1a electoral por el tercer distrito, la se\u00f1orita Carmen Meza \u2014candidata a Diputada Federal del Partido Verde\u2014 ha llevado a cabo visitas en las comunidades cerritenses con el objetivo de darse a conocer ante la ciudadan\u00eda potencialmente votante. Una de sus principales propuestas es apoyar a los j\u00f3venes.<br \/>\nLa ex alumna de la UNICOM; manifest\u00f3 en entrevista exclusiva para este medio, \u201cacepto no contar con una gran carrera pol\u00edtica, pero cuento con la ganas de trabajar por el bien de nuestro distrito al cual contiendo. Hasta la fecha hemos visitado las comunidades cerritenses en compa\u00f1\u00eda de Carlos Ruiz pr\u00f3ximo presidente municipal\u2026 sabemos que el camino es largo para la candidatura a la diputaci\u00f3n, pero demostraremos las ganas que la juventud presenta a favor de nuestra sociedad. En tan solo un mes de labores mi candidatura presenta gran suma de simpatizantes que contin\u00faan apoy\u00e1ndome en cada visita a los diversos municipios y comunidades pertenecientes a este distrito, como confiamos en los ideales del Partido Verde, en cada visita hemos tratado de inculcar a nuestra sociedad la importancia del cuidado del medio ambiente, realizando el canje de pilas por arbolitos, y la recolecci\u00f3n de basura\u201d.<br \/>\nAntes de concluir declar\u00f3, \u201csi bien somos nuevos en estas contiendas electorales trabajaremos en conjunto con la seguridad de que el Verde sobresaldr\u00e1 en estas pr\u00f3ximas elecciones\u201d.<\/p>\n","protected":false},"excerpt":{"rendered":"<p>Rom\u00e1n G.- Con las palabras \u201ccada vez somos m\u00e1s\u201d, comenz\u00f3 las actividades de la presente semana el Partido Verde Ecologista de M\u00e9xico. El aspirante a la silla presidencial Carlos Ruiz&#8230;<\/p>\n","protected":false},"author":1,"featured_media":2539,"comment_status":"closed","ping_status":"open","sticky":false,"template":"","format":"standard","meta":{"footnotes":""},"categories":[6,463],"tags":[],"class_list":["post-2536","post","type-post","status-publish","format-standard","has-post-thumbnail","hentry","category-guadalcazar","category-politica","entry","simple"],"_links":{"self":[{"href":"https:\/\/www.plurinominal.com.mx\/index.php?rest_route=\/wp\/v2\/posts\/2536","targetHints":{"allow":["GET"]}}],"collection":[{"href":"https:\/\/www.plurinominal.com.mx\/index.php?rest_route=\/wp\/v2\/posts"}],"about":[{"href":"https:\/\/www.plurinominal.com.mx\/index.php?rest_route=\/wp\/v2\/types\/post"}],"author":[{"embeddable":true,"href":"https:\/\/www.plurinominal.com.mx\/index.php?rest_route=\/wp\/v2\/users\/1"}],"replies":[{"embeddable":true,"href":"https:\/\/www.plurinominal.com.mx\/index.php?rest_route=%2Fwp%2Fv2%2Fcomments&post=2536"}],"version-history":[{"count":0,"href":"https:\/\/www.plurinominal.com.mx\/index.php?rest_route=\/wp\/v2\/posts\/2536\/revisions"}],"wp:featuredmedia":[{"embeddable":true,"href":"https:\/\/www.plurinominal.com.mx\/index.php?rest_route=\/wp\/v2\/media\/2539"}],"wp:attachment":[{"href":"https:\/\/www.plurinominal.com.mx\/index.php?rest_route=%2Fwp%2Fv2%2Fmedia&parent=2536"}],"wp:term":[{"taxonomy":"category","embeddable":true,"href":"https:\/\/www.plurinominal.com.mx\/index.php?rest_route=%2Fwp%2Fv2%2Fcategories&post=2536"},{"taxonomy":"post_tag","embeddable":true,"href":"https:\/\/www.plurinominal.com.mx\/index.php?rest_route=%2Fwp%2Fv2%2Ftags&post=2536"}],"curies":[{"name":"wp","href":"https:\/\/api.w.org\/{rel}","templated":true}]}}