{"id":2551,"date":"2012-05-10T23:13:02","date_gmt":"2012-05-11T04:13:02","guid":{"rendered":"http:\/\/www.plurinominal.com.mx\/?p=2551"},"modified":"2012-05-11T00:45:23","modified_gmt":"2012-05-11T05:45:23","slug":"trailer-se-fue-al-precipicio","status":"publish","type":"post","link":"https:\/\/www.plurinominal.com.mx\/?p=2551","title":{"rendered":"Tr\u00e1iler se fue al precipicio"},"content":{"rendered":"<figure id=\"attachment_2552\" aria-describedby=\"caption-attachment-2552\" style=\"width: 300px\" class=\"wp-caption alignright\"><a href=\"https:\/\/www.plurinominal.com.mx\/wp-content\/uploads\/ACCIDENTE-copia-copia.jpg\"><img loading=\"lazy\" decoding=\"async\" class=\"size-medium wp-image-2552\" title=\"ACCIDENTE copia copia\" src=\"https:\/\/www.plurinominal.com.mx\/wp-content\/uploads\/ACCIDENTE-copia-copia-300x56.jpg\" alt=\"\" width=\"300\" height=\"56\" srcset=\"https:\/\/www.plurinominal.com.mx\/wp-content\/uploads\/ACCIDENTE-copia-copia-300x56.jpg 300w, https:\/\/www.plurinominal.com.mx\/wp-content\/uploads\/ACCIDENTE-copia-copia.jpg 837w\" sizes=\"auto, (max-width: 300px) 100vw, 300px\" \/><\/a><figcaption id=\"caption-attachment-2552\" class=\"wp-caption-text\">Aspecto de la unidad. El chofer huy\u00f3.<\/figcaption><\/figure>\n<p>11:13 PM.- Accidente se registr\u00f3 hace unos instantes en el lugar conocido como La Herradura. Personal de la Pensi\u00f3n VECA no cuenta con la maquinaria suficiente para remover el tr\u00e1iler que se fue hacia un barranco de pocos metros de profundidad, y se requiri\u00f3 la presencia de otra compa\u00f1\u00eda. La carretera libre ser\u00eda obstruida para realizar las maniobras.<\/p>\n","protected":false},"excerpt":{"rendered":"<p>11:13 PM.- Accidente se registr\u00f3 hace unos instantes en el lugar conocido como La Herradura. Personal de la Pensi\u00f3n VECA no cuenta con la maquinaria suficiente para remover el tr\u00e1iler&#8230;<\/p>\n","protected":false},"author":1,"featured_media":0,"comment_status":"closed","ping_status":"open","sticky":false,"template":"","format":"standard","meta":{"footnotes":""},"categories":[465],"tags":[],"class_list":["post-2551","post","type-post","status-publish","format-standard","hentry","category-policia-2","entry","simple"],"_links":{"self":[{"href":"https:\/\/www.plurinominal.com.mx\/index.php?rest_route=\/wp\/v2\/posts\/2551","targetHints":{"allow":["GET"]}}],"collection":[{"href":"https:\/\/www.plurinominal.com.mx\/index.php?rest_route=\/wp\/v2\/posts"}],"about":[{"href":"https:\/\/www.plurinominal.com.mx\/index.php?rest_route=\/wp\/v2\/types\/post"}],"author":[{"embeddable":true,"href":"https:\/\/www.plurinominal.com.mx\/index.php?rest_route=\/wp\/v2\/users\/1"}],"replies":[{"embeddable":true,"href":"https:\/\/www.plurinominal.com.mx\/index.php?rest_route=%2Fwp%2Fv2%2Fcomments&post=2551"}],"version-history":[{"count":0,"href":"https:\/\/www.plurinominal.com.mx\/index.php?rest_route=\/wp\/v2\/posts\/2551\/revisions"}],"wp:attachment":[{"href":"https:\/\/www.plurinominal.com.mx\/index.php?rest_route=%2Fwp%2Fv2%2Fmedia&parent=2551"}],"wp:term":[{"taxonomy":"category","embeddable":true,"href":"https:\/\/www.plurinominal.com.mx\/index.php?rest_route=%2Fwp%2Fv2%2Fcategories&post=2551"},{"taxonomy":"post_tag","embeddable":true,"href":"https:\/\/www.plurinominal.com.mx\/index.php?rest_route=%2Fwp%2Fv2%2Ftags&post=2551"}],"curies":[{"name":"wp","href":"https:\/\/api.w.org\/{rel}","templated":true}]}}