{"id":2567,"date":"2012-05-11T01:22:08","date_gmt":"2012-05-11T06:22:08","guid":{"rendered":"http:\/\/www.plurinominal.com.mx\/?p=2567"},"modified":"2012-05-11T01:22:08","modified_gmt":"2012-05-11T06:22:08","slug":"cerritos-festejo-el-10-de-mayo","status":"publish","type":"post","link":"https:\/\/www.plurinominal.com.mx\/?p=2567","title":{"rendered":"Cerritos festej\u00f3 el 10 de Mayo"},"content":{"rendered":"<figure id=\"attachment_2568\" aria-describedby=\"caption-attachment-2568\" style=\"width: 300px\" class=\"wp-caption alignright\"><a href=\"https:\/\/www.plurinominal.com.mx\/wp-content\/uploads\/FLOREROS.jpg\"><img loading=\"lazy\" decoding=\"async\" class=\"size-medium wp-image-2568\" title=\"FLOREROS\" src=\"https:\/\/www.plurinominal.com.mx\/wp-content\/uploads\/FLOREROS-300x224.jpg\" alt=\"\" width=\"300\" height=\"224\" srcset=\"https:\/\/www.plurinominal.com.mx\/wp-content\/uploads\/FLOREROS-300x224.jpg 300w, https:\/\/www.plurinominal.com.mx\/wp-content\/uploads\/FLOREROS.jpg 335w\" sizes=\"auto, (max-width: 300px) 100vw, 300px\" \/><\/a><figcaption id=\"caption-attachment-2568\" class=\"wp-caption-text\">Las flores, uno de los regalos m\u00e1s comunes para las madrecitas. En el municipio llegaron fuere\u00f1os a ofrecer el producto. FOTO: ROM\u00c1N G.<\/figcaption><\/figure>\n<figure id=\"attachment_2569\" aria-describedby=\"caption-attachment-2569\" style=\"width: 300px\" class=\"wp-caption alignright\"><a href=\"https:\/\/www.plurinominal.com.mx\/wp-content\/uploads\/DIA-DE-LAS-MADRES.jpg\"><img loading=\"lazy\" decoding=\"async\" class=\"size-medium wp-image-2569\" title=\"DIA DE LAS MADRES\" src=\"https:\/\/www.plurinominal.com.mx\/wp-content\/uploads\/DIA-DE-LAS-MADRES-300x224.jpg\" alt=\"\" width=\"300\" height=\"224\" srcset=\"https:\/\/www.plurinominal.com.mx\/wp-content\/uploads\/DIA-DE-LAS-MADRES-300x224.jpg 300w, https:\/\/www.plurinominal.com.mx\/wp-content\/uploads\/DIA-DE-LAS-MADRES.jpg 335w\" sizes=\"auto, (max-width: 300px) 100vw, 300px\" \/><\/a><figcaption id=\"caption-attachment-2569\" class=\"wp-caption-text\">Desde la madrugada comenzaron las felicitaciones.<\/figcaption><\/figure>\n<p><em>Corresponsales.-<\/em> Cerritos celebr\u00f3 el 10 de Mayo, mismo que comenz\u00f3 con serenatas en el lugar conocido como La Rinconada. Asimismo por las calles del municipio se escucharon los cantos en honor a las mam\u00e1s. De igual modo el pante\u00f3n municipal fue concurrido por quienes ya no tiene la dicha de tener a su madre con vida, los restaurantes tambi\u00e9n registraron buenas ventas, el candidato del PAN Arturo Narv\u00e1ez regal\u00f3 Rosas y el H. Ayuntamiento organiz\u00f3 un festejo al igual que en Villa Ju\u00e1rez.<\/p>\n","protected":false},"excerpt":{"rendered":"<p>Corresponsales.- Cerritos celebr\u00f3 el 10 de Mayo, mismo que comenz\u00f3 con serenatas en el lugar conocido como La Rinconada. Asimismo por las calles del municipio se escucharon los cantos en&#8230;<\/p>\n","protected":false},"author":1,"featured_media":0,"comment_status":"closed","ping_status":"open","sticky":false,"template":"","format":"standard","meta":{"footnotes":""},"categories":[3],"tags":[],"class_list":["post-2567","post","type-post","status-publish","format-standard","hentry","category-cerritos","entry","simple"],"_links":{"self":[{"href":"https:\/\/www.plurinominal.com.mx\/index.php?rest_route=\/wp\/v2\/posts\/2567","targetHints":{"allow":["GET"]}}],"collection":[{"href":"https:\/\/www.plurinominal.com.mx\/index.php?rest_route=\/wp\/v2\/posts"}],"about":[{"href":"https:\/\/www.plurinominal.com.mx\/index.php?rest_route=\/wp\/v2\/types\/post"}],"author":[{"embeddable":true,"href":"https:\/\/www.plurinominal.com.mx\/index.php?rest_route=\/wp\/v2\/users\/1"}],"replies":[{"embeddable":true,"href":"https:\/\/www.plurinominal.com.mx\/index.php?rest_route=%2Fwp%2Fv2%2Fcomments&post=2567"}],"version-history":[{"count":0,"href":"https:\/\/www.plurinominal.com.mx\/index.php?rest_route=\/wp\/v2\/posts\/2567\/revisions"}],"wp:attachment":[{"href":"https:\/\/www.plurinominal.com.mx\/index.php?rest_route=%2Fwp%2Fv2%2Fmedia&parent=2567"}],"wp:term":[{"taxonomy":"category","embeddable":true,"href":"https:\/\/www.plurinominal.com.mx\/index.php?rest_route=%2Fwp%2Fv2%2Fcategories&post=2567"},{"taxonomy":"post_tag","embeddable":true,"href":"https:\/\/www.plurinominal.com.mx\/index.php?rest_route=%2Fwp%2Fv2%2Ftags&post=2567"}],"curies":[{"name":"wp","href":"https:\/\/api.w.org\/{rel}","templated":true}]}}