{"id":2573,"date":"2012-05-11T23:43:19","date_gmt":"2012-05-12T04:43:19","guid":{"rendered":"http:\/\/www.plurinominal.com.mx\/?p=2573"},"modified":"2012-05-11T23:46:50","modified_gmt":"2012-05-12T04:46:50","slug":"por-poco-muere-desnucado","status":"publish","type":"post","link":"https:\/\/www.plurinominal.com.mx\/?p=2573","title":{"rendered":"Por poco muere desnucado"},"content":{"rendered":"<figure id=\"attachment_2574\" aria-describedby=\"caption-attachment-2574\" style=\"width: 224px\" class=\"wp-caption alignright\"><a href=\"https:\/\/www.plurinominal.com.mx\/wp-content\/uploads\/DESNUCADO.jpg\"><img loading=\"lazy\" decoding=\"async\" class=\"size-medium wp-image-2574\" title=\"DESNUCADO\" src=\"https:\/\/www.plurinominal.com.mx\/wp-content\/uploads\/DESNUCADO-224x300.jpg\" alt=\"\" width=\"224\" height=\"300\" srcset=\"https:\/\/www.plurinominal.com.mx\/wp-content\/uploads\/DESNUCADO-224x300.jpg 224w, https:\/\/www.plurinominal.com.mx\/wp-content\/uploads\/DESNUCADO.jpg 283w\" sizes=\"auto, (max-width: 224px) 100vw, 224px\" \/><\/a><figcaption id=\"caption-attachment-2574\" class=\"wp-caption-text\">El infortunado empez\u00f3 a sangrar abundantemente y qued\u00f3 inconsciente en medio de la calle.<\/figcaption><\/figure>\n<p><em>Redacci\u00f3n.-<\/em> Sujeto por poco muere desnucado a breves instantes de que el reloj marcara las 23:00 horas de este viernes 11 de Mayo.<br \/>\nUna fila de autos se observ\u00f3 sobre la calle Ju\u00e1rez, casi esquina con Mina porque el hombre que presentaba estado et\u00edlico evidente fue socorrido por personas de Protecci\u00f3n Civil y agentes de polic\u00eda.<br \/>\nPor el \u00abborrachazo\u00bb contra el concreto, la cabeza del infortunado empez\u00f3 a sangrar abundantemente y qued\u00f3 inconsciente en medio de la calle hasta su traslado al IMSS.<\/p>\n<p>MAS DETALLES EN LA EDICION IMPRESA.<\/p>\n","protected":false},"excerpt":{"rendered":"<p>Redacci\u00f3n.- Sujeto por poco muere desnucado a breves instantes de que el reloj marcara las 23:00 horas de este viernes 11 de Mayo. Una fila de autos se observ\u00f3 sobre&#8230;<\/p>\n","protected":false},"author":1,"featured_media":0,"comment_status":"closed","ping_status":"open","sticky":false,"template":"","format":"standard","meta":{"footnotes":""},"categories":[3,465],"tags":[],"class_list":["post-2573","post","type-post","status-publish","format-standard","hentry","category-cerritos","category-policia-2","entry","simple"],"_links":{"self":[{"href":"https:\/\/www.plurinominal.com.mx\/index.php?rest_route=\/wp\/v2\/posts\/2573","targetHints":{"allow":["GET"]}}],"collection":[{"href":"https:\/\/www.plurinominal.com.mx\/index.php?rest_route=\/wp\/v2\/posts"}],"about":[{"href":"https:\/\/www.plurinominal.com.mx\/index.php?rest_route=\/wp\/v2\/types\/post"}],"author":[{"embeddable":true,"href":"https:\/\/www.plurinominal.com.mx\/index.php?rest_route=\/wp\/v2\/users\/1"}],"replies":[{"embeddable":true,"href":"https:\/\/www.plurinominal.com.mx\/index.php?rest_route=%2Fwp%2Fv2%2Fcomments&post=2573"}],"version-history":[{"count":0,"href":"https:\/\/www.plurinominal.com.mx\/index.php?rest_route=\/wp\/v2\/posts\/2573\/revisions"}],"wp:attachment":[{"href":"https:\/\/www.plurinominal.com.mx\/index.php?rest_route=%2Fwp%2Fv2%2Fmedia&parent=2573"}],"wp:term":[{"taxonomy":"category","embeddable":true,"href":"https:\/\/www.plurinominal.com.mx\/index.php?rest_route=%2Fwp%2Fv2%2Fcategories&post=2573"},{"taxonomy":"post_tag","embeddable":true,"href":"https:\/\/www.plurinominal.com.mx\/index.php?rest_route=%2Fwp%2Fv2%2Ftags&post=2573"}],"curies":[{"name":"wp","href":"https:\/\/api.w.org\/{rel}","templated":true}]}}