{"id":2578,"date":"2012-05-12T12:42:01","date_gmt":"2012-05-12T17:42:01","guid":{"rendered":"http:\/\/www.plurinominal.com.mx\/?p=2578"},"modified":"2012-05-16T11:30:58","modified_gmt":"2012-05-16T16:30:58","slug":"murio-navajeado-en-el-granjenal","status":"publish","type":"post","link":"https:\/\/www.plurinominal.com.mx\/?p=2578","title":{"rendered":"Muri\u00f3 navajeado en \u201cEl Granjenal\u201d"},"content":{"rendered":"<figure id=\"attachment_2579\" aria-describedby=\"caption-attachment-2579\" style=\"width: 283px\" class=\"wp-caption alignright\"><a href=\"https:\/\/www.plurinominal.com.mx\/wp-content\/uploads\/NAVAJEADO.jpg\"><img loading=\"lazy\" decoding=\"async\" class=\"size-full wp-image-2579\" title=\"NAVAJEADO\" src=\"https:\/\/www.plurinominal.com.mx\/wp-content\/uploads\/NAVAJEADO.jpg\" alt=\"\" width=\"283\" height=\"281\" srcset=\"https:\/\/www.plurinominal.com.mx\/wp-content\/uploads\/NAVAJEADO.jpg 283w, https:\/\/www.plurinominal.com.mx\/wp-content\/uploads\/NAVAJEADO-150x150.jpg 150w\" sizes=\"auto, (max-width: 283px) 100vw, 283px\" \/><\/a><figcaption id=\"caption-attachment-2579\" class=\"wp-caption-text\">En la imagen se observan las heridas de los acusados de homicidio que est\u00e1n en las celdas preventivas. Los dos terminaron tasajeados.<\/figcaption><\/figure>\n<p><em>Redacci\u00f3n.-<\/em> Un hombre muri\u00f3 \u201cnavajeado\u201d en la comunidad de Granjenal, mientras otros 2 terminaron con lesiones en diversas partes del cuerpo y encarcelados. En breves instantes declarar\u00e1n en la agencia del Ministerio P\u00fablico de Cerritos con el Licienciado en turno en relaci\u00f3n a los hechos ocurridos anoche.<\/p>\n<p>LOS DETALLES EN LA EDICION IMPRESA.<\/p>\n","protected":false},"excerpt":{"rendered":"<p>Redacci\u00f3n.- Un hombre muri\u00f3 \u201cnavajeado\u201d en la comunidad de Granjenal, mientras otros 2 terminaron con lesiones en diversas partes del cuerpo y encarcelados. En breves instantes declarar\u00e1n en la agencia&#8230;<\/p>\n","protected":false},"author":1,"featured_media":0,"comment_status":"closed","ping_status":"open","sticky":false,"template":"","format":"standard","meta":{"footnotes":""},"categories":[465,4],"tags":[],"class_list":["post-2578","post","type-post","status-publish","format-standard","hentry","category-policia-2","category-villa-juarez","entry","simple"],"_links":{"self":[{"href":"https:\/\/www.plurinominal.com.mx\/index.php?rest_route=\/wp\/v2\/posts\/2578","targetHints":{"allow":["GET"]}}],"collection":[{"href":"https:\/\/www.plurinominal.com.mx\/index.php?rest_route=\/wp\/v2\/posts"}],"about":[{"href":"https:\/\/www.plurinominal.com.mx\/index.php?rest_route=\/wp\/v2\/types\/post"}],"author":[{"embeddable":true,"href":"https:\/\/www.plurinominal.com.mx\/index.php?rest_route=\/wp\/v2\/users\/1"}],"replies":[{"embeddable":true,"href":"https:\/\/www.plurinominal.com.mx\/index.php?rest_route=%2Fwp%2Fv2%2Fcomments&post=2578"}],"version-history":[{"count":0,"href":"https:\/\/www.plurinominal.com.mx\/index.php?rest_route=\/wp\/v2\/posts\/2578\/revisions"}],"wp:attachment":[{"href":"https:\/\/www.plurinominal.com.mx\/index.php?rest_route=%2Fwp%2Fv2%2Fmedia&parent=2578"}],"wp:term":[{"taxonomy":"category","embeddable":true,"href":"https:\/\/www.plurinominal.com.mx\/index.php?rest_route=%2Fwp%2Fv2%2Fcategories&post=2578"},{"taxonomy":"post_tag","embeddable":true,"href":"https:\/\/www.plurinominal.com.mx\/index.php?rest_route=%2Fwp%2Fv2%2Ftags&post=2578"}],"curies":[{"name":"wp","href":"https:\/\/api.w.org\/{rel}","templated":true}]}}