{"id":262,"date":"2011-09-26T11:45:45","date_gmt":"2011-09-26T16:45:45","guid":{"rendered":"http:\/\/www.plurinominal.com.mx\/?p=262"},"modified":"2011-11-08T11:55:52","modified_gmt":"2011-11-08T17:55:52","slug":"reconocen-que-existe-ineficiencia-en-algunos-departamentos","status":"publish","type":"post","link":"https:\/\/www.plurinominal.com.mx\/?p=262","title":{"rendered":"Reconocen que existe ineficiencia en algunos departamentos"},"content":{"rendered":"<p>Ma. del Carmen V.<br \/>\nComentarios fueron expresados a quien aqu\u00ed reporta por ciudadanos quienes pidieron que despu\u00e9s del Segundo Informe de actividades, Erasmo Galv\u00e1n realice los cambios necesarios en su gabinete.<br \/>\nManifestaron que existe ineficiencia en algunos de los departamentos.<br \/>\nReconocieron que una Administraci\u00f3n Municipal siempre est\u00e1 bajo el escrutinio de la sociedad y que nuestros gobernantes<br \/>\ndeben de estar conscientes de que la mayor\u00eda de ciudadanos debe de tomar parte en las decisiones del municipio.<br \/>\nA\u00f1adieron que las propuestas no las deben de tomar como ataques personales o hacia su administraci\u00f3n, pues a la presidencia no ha llegado ninguna persona que no haya sido cuestionada, \u2014aunque generalmente los ciudadanos que<br \/>\nno est\u00e1n conformes con el trabajo de los gobernantes, son principalmente aquellos que no pertenecen a su mismo partido\u2014.<br \/>\nExpresaron que el encargado de la Administraci\u00f3n Municipal debe de verificar la correcta aplicaci\u00f3n de los recursos<br \/>\nmunicipales, siempre buscando el beneficio de la ciudadan\u00eda.<br \/>\nDijeron, que muchos de los recursos son utilizados para pagar trabajadores que no desempe\u00f1an correctamente sus labores.<br \/>\nAseguraron que muchos de ellos s\u00f3lo se dedican a \u201cplaticar\u201c y de esa manera se est\u00e1n ganando el salario que devengan<br \/>\nde la Presidencia.<br \/>\nSe\u00f1alaron que es necesario determinar quienes se encuentran en esta situaci\u00f3n.<br \/>\nLos declarantes consideraron importante que el Presidente Municipal realice cambios en su gabinete para<br \/>\nenfrentar la \u00faltima etapa de su administraci\u00f3n.<br \/>\n\u201cExisten funcionarios que no han cumplido con su encomienda en la mayor parte de los departamentos\u201d.<br \/>\n\u201cConviene que haya relevos, ya que existe mucha gente que es nociva para el mismo Presidente Municipal y<br \/>\nen lugar de ayudarlo con sus acciones lo est\u00e1n perjudicando.<br \/>\nMuchos de los trabajadores no se dedican a realizar ning\u00fan trabajo, m\u00e1s que a andar de chismosos\u201d,<br \/>\naseguraron.<br \/>\nPara finalizar, expresaron que este es el momento adecuado para que Erasmo Galv\u00e1n realice un recorte de<br \/>\npersonal, donde despida a los trabajadores que no funcionan dentro de su equipo.<br \/>\nIndicaron que algunos se dan el lujo de llegar tarde o muchas veces ni siquiera asisten<br \/>\na trabajar.<\/p>\n","protected":false},"excerpt":{"rendered":"<p>Ma. del Carmen V. Comentarios fueron expresados a quien aqu\u00ed reporta por ciudadanos quienes pidieron que despu\u00e9s del Segundo Informe de actividades, Erasmo Galv\u00e1n realice los cambios necesarios en su&#8230;<\/p>\n","protected":false},"author":1,"featured_media":0,"comment_status":"closed","ping_status":"open","sticky":false,"template":"","format":"standard","meta":{"footnotes":""},"categories":[3],"tags":[184,9],"class_list":["post-262","post","type-post","status-publish","format-standard","hentry","category-cerritos","tag-cambios","tag-erasmo-galvan","entry","simple"],"_links":{"self":[{"href":"https:\/\/www.plurinominal.com.mx\/index.php?rest_route=\/wp\/v2\/posts\/262","targetHints":{"allow":["GET"]}}],"collection":[{"href":"https:\/\/www.plurinominal.com.mx\/index.php?rest_route=\/wp\/v2\/posts"}],"about":[{"href":"https:\/\/www.plurinominal.com.mx\/index.php?rest_route=\/wp\/v2\/types\/post"}],"author":[{"embeddable":true,"href":"https:\/\/www.plurinominal.com.mx\/index.php?rest_route=\/wp\/v2\/users\/1"}],"replies":[{"embeddable":true,"href":"https:\/\/www.plurinominal.com.mx\/index.php?rest_route=%2Fwp%2Fv2%2Fcomments&post=262"}],"version-history":[{"count":0,"href":"https:\/\/www.plurinominal.com.mx\/index.php?rest_route=\/wp\/v2\/posts\/262\/revisions"}],"wp:attachment":[{"href":"https:\/\/www.plurinominal.com.mx\/index.php?rest_route=%2Fwp%2Fv2%2Fmedia&parent=262"}],"wp:term":[{"taxonomy":"category","embeddable":true,"href":"https:\/\/www.plurinominal.com.mx\/index.php?rest_route=%2Fwp%2Fv2%2Fcategories&post=262"},{"taxonomy":"post_tag","embeddable":true,"href":"https:\/\/www.plurinominal.com.mx\/index.php?rest_route=%2Fwp%2Fv2%2Ftags&post=262"}],"curies":[{"name":"wp","href":"https:\/\/api.w.org\/{rel}","templated":true}]}}