{"id":2631,"date":"2012-05-13T11:34:50","date_gmt":"2012-05-13T16:34:50","guid":{"rendered":"http:\/\/www.plurinominal.com.mx\/?p=2631"},"modified":"2012-05-16T11:43:52","modified_gmt":"2012-05-16T16:43:52","slug":"asesinaron-a-viejito-encapuchado","status":"publish","type":"post","link":"https:\/\/www.plurinominal.com.mx\/?p=2631","title":{"rendered":"Asesinaron a viejito encapuchado"},"content":{"rendered":"<figure id=\"attachment_2632\" aria-describedby=\"caption-attachment-2632\" style=\"width: 283px\" class=\"wp-caption alignright\"><a href=\"https:\/\/www.plurinominal.com.mx\/wp-content\/uploads\/1-homicida.jpg\"><img loading=\"lazy\" decoding=\"async\" class=\"size-full wp-image-2632\" title=\"1 homicida\" src=\"https:\/\/www.plurinominal.com.mx\/wp-content\/uploads\/1-homicida.jpg\" alt=\"\" width=\"283\" height=\"527\" srcset=\"https:\/\/www.plurinominal.com.mx\/wp-content\/uploads\/1-homicida.jpg 283w, https:\/\/www.plurinominal.com.mx\/wp-content\/uploads\/1-homicida-161x300.jpg 161w\" sizes=\"auto, (max-width: 283px) 100vw, 283px\" \/><\/a><figcaption id=\"caption-attachment-2632\" class=\"wp-caption-text\">El homicida.<\/figcaption><\/figure>\n<p><em>Marco Serna.-<\/em> Un viejito encapuchado fue asesinado casi al final de un festejo en honor a las madrecitas de El Granjenal.<br \/>\nEl sexagenario busc\u00f3 su propia muerte, porque primero lanz\u00f3 viajes contra un grupo de sujetos, entre ellos 2 hermanos acusados del homicidio. Luego se dieron cuenta que asesinaron a un pariente. Los hechos sucedieron casi a la medianoche de este viernes.<br \/>\nPlurinominal logr\u00f3 entrevista exclusiva con familiares del fallecido, quienes explicaron que el hombre desde 2 d\u00edas antes hab\u00eda agarrado la tomada, debido a que su concubina lo hab\u00eda abandonado. Con ella se junt\u00f3 poco despu\u00e9s de la muerte de su esposa.<br \/>\nLuego se le vio asustando a la gente con una m\u00e1scara y navaja en mano. Asimismo tra\u00eda en su morral unas espuelas.<br \/>\n\u201cDon Gil\u201d primero asust\u00f3 a una ni\u00f1a y a un sujeto llamado Arnulfo durante el festejo al que incluso acudi\u00f3 el Alcalde Jes\u00fas Ruiz Castillo. El se\u00f1or andaba enmascarado, haci\u00e9ndose el gracioso, pero lo mataron\u201d.<br \/>\n\u201cAntes del pleito, el difunto se meti\u00f3 a un billar donde fue maltratado, luego se agarr\u00f3 tome y tome puro vino\u2026 y se hizo loco\u201d.<br \/>\nCuentan las mujeres que el sujeto se dirigi\u00f3 hacia un grupo de personas, entre ellas estaban los hermanos Ismael y Lamberto, de apellidos Ruiz Banda \u2014de la comunidad de El Colorado\u2014 uno de ellos catalogado como tranquilo por vecinos del lugar. El agresor asest\u00f3 2 piquetes a uno de los carnales, caus\u00e1ndole sangrado en una pierna.<br \/>\nEl hermano quiso separarlos pero tambi\u00e9n fue herido, afortunadamente lograron quitarle la navaja y uno se la encaj\u00f3 5 veces, una cerca del cuello, pero seg\u00fan el dictamen el golpe que le caus\u00f3 la muerte fue directo al coraz\u00f3n.<br \/>\nExplican las mujeres que la pareja de involucrados se present\u00f3 voluntariamente momentos despu\u00e9s en las oficinas de la Direcci\u00f3n de Seguridad de Villa Ju\u00e1rez, de donde los escoltaron a recibir atenci\u00f3n m\u00e9dica, para trasladarlos a barandilla, siempre confiando en que todo sucedi\u00f3 al defenderse leg\u00edtimamente.<br \/>\nEste s\u00e1bado por la ma\u00f1ana, el Ministerio P\u00fablico en turno, confirm\u00f3 este argumento, asegurando que los hechos sucedieron para evitar que ellos fueran las v\u00edctimas.<br \/>\nEn sus declaraciones exclusivas para Plurinominal, la esposa de uno de los detenidos se\u00f1al\u00f3 que la identidad del hombre la conocieron hasta que se le quit\u00f3 la capucha.<br \/>\n\u201cEntre el pelito uno se la tir\u00f3 a manotazos, pero ya fue muy tarde para evitar la desgracia\u201d.<br \/>\nHizo hincapi\u00e9 en el temor que se guarda por esos rumbos debido a la psicosis generada por sujetos que han cometido actos il\u00edcitos, lo que pudo influir en la conducta de su marido.<br \/>\nPolic\u00edas Ministeriales al mando de Manuel Escobar, pudieron recoger la capucha y las espuelas, as\u00ed como el morral de Gilberto Galv\u00e1n de 64 a\u00f1os de edad, antes de enviarlo a Rioverde donde le realizaron la necropsia.<br \/>\n\u201cEl s\u00f3lo busc\u00f3 su muerte, para qu\u00e9 se tapaba as\u00ed\u201d, dijo la mujer.<\/p>\n","protected":false},"excerpt":{"rendered":"<p>Marco Serna.- Un viejito encapuchado fue asesinado casi al final de un festejo en honor a las madrecitas de El Granjenal. El sexagenario busc\u00f3 su propia muerte, porque primero lanz\u00f3&#8230;<\/p>\n","protected":false},"author":1,"featured_media":0,"comment_status":"closed","ping_status":"open","sticky":false,"template":"","format":"standard","meta":{"footnotes":""},"categories":[465,4],"tags":[],"class_list":["post-2631","post","type-post","status-publish","format-standard","hentry","category-policia-2","category-villa-juarez","entry","simple"],"_links":{"self":[{"href":"https:\/\/www.plurinominal.com.mx\/index.php?rest_route=\/wp\/v2\/posts\/2631","targetHints":{"allow":["GET"]}}],"collection":[{"href":"https:\/\/www.plurinominal.com.mx\/index.php?rest_route=\/wp\/v2\/posts"}],"about":[{"href":"https:\/\/www.plurinominal.com.mx\/index.php?rest_route=\/wp\/v2\/types\/post"}],"author":[{"embeddable":true,"href":"https:\/\/www.plurinominal.com.mx\/index.php?rest_route=\/wp\/v2\/users\/1"}],"replies":[{"embeddable":true,"href":"https:\/\/www.plurinominal.com.mx\/index.php?rest_route=%2Fwp%2Fv2%2Fcomments&post=2631"}],"version-history":[{"count":0,"href":"https:\/\/www.plurinominal.com.mx\/index.php?rest_route=\/wp\/v2\/posts\/2631\/revisions"}],"wp:attachment":[{"href":"https:\/\/www.plurinominal.com.mx\/index.php?rest_route=%2Fwp%2Fv2%2Fmedia&parent=2631"}],"wp:term":[{"taxonomy":"category","embeddable":true,"href":"https:\/\/www.plurinominal.com.mx\/index.php?rest_route=%2Fwp%2Fv2%2Fcategories&post=2631"},{"taxonomy":"post_tag","embeddable":true,"href":"https:\/\/www.plurinominal.com.mx\/index.php?rest_route=%2Fwp%2Fv2%2Ftags&post=2631"}],"curies":[{"name":"wp","href":"https:\/\/api.w.org\/{rel}","templated":true}]}}