{"id":2715,"date":"2012-05-22T10:39:41","date_gmt":"2012-05-22T15:39:41","guid":{"rendered":"http:\/\/www.plurinominal.com.mx\/?p=2715"},"modified":"2012-05-22T10:42:26","modified_gmt":"2012-05-22T15:42:26","slug":"frank-de-avila-intenta-la-diputacion-local","status":"publish","type":"post","link":"https:\/\/www.plurinominal.com.mx\/?p=2715","title":{"rendered":"Frank de \u00c1vila, intenta la diputaci\u00f3n local"},"content":{"rendered":"<figure id=\"attachment_2716\" aria-describedby=\"caption-attachment-2716\" style=\"width: 167px\" class=\"wp-caption alignright\"><a href=\"https:\/\/www.plurinominal.com.mx\/wp-content\/uploads\/8-Frank-de-Avila.jpg\"><img loading=\"lazy\" decoding=\"async\" class=\"size-full wp-image-2716\" title=\"8 Frank de Avila\" src=\"https:\/\/www.plurinominal.com.mx\/wp-content\/uploads\/8-Frank-de-Avila.jpg\" alt=\"\" width=\"167\" height=\"210\" \/><\/a><figcaption id=\"caption-attachment-2716\" class=\"wp-caption-text\">F. de \u00c1vila es originario de Cerritos. FOTO: Alberto G.<\/figcaption><\/figure>\n<p><em>Redacci\u00f3n.-<\/em> Florencio de \u00c1vila Morales, tambi\u00e9n conocido como \u201cFrank\u201d, es originario de Cerritos. Ahora intenta la diputaci\u00f3n local por el segundo Distrito Electoral, teniendo como suplente a Mario Alberto Serna Briones, ambos representando al PAN.<br \/>\nFrank, de ra\u00edces migrantes, se ha dedicado a representar a la comunidad potosina del Estado y del exterior, en particular a los que residen en la uni\u00f3n Americana, con la misma veracidad y entrega que lo ha caracterizado como un servidor de la comunidad a trav\u00e9s de varias organizaciones durante m\u00e1s de tres d\u00e9cadas y ha implementado por este medio su experiencia comunitaria y profesional.<br \/>\nA Frank de \u00c1vila se le considera una persona mesurada y de ideolog\u00eda moderada y conservadora quien busca siempre la manera m\u00e1s sensata para encontrar soluci\u00f3n a los problemas.<br \/>\nHa sido un luchador incansable por el respeto a la dignidad humana, en particular a los derechos humanos y pol\u00edticos a los dos lados de la frontera.<br \/>\nFrank trabaja a\u00fan por el derecho al voto de mexicanos en el exterior y la actualizaci\u00f3n de la ley migratoria.<br \/>\nSus opiniones y ponencias se han publicado en rotativos como el Washington Post, Chicago Tribune, El Norte de Monterrey, La Jornada, La Voz de Michoac\u00e1n, El Sol de San Luis, Pulso, Zona Media y a nivel local, Plurinominal, entre otros. Tambi\u00e9n ha sido columnista invitado por publicaciones locales en Chicago.<br \/>\nHa conducido el programa radial \u2013Ecos\u2013 de la Comunidad de Chicago.<br \/>\nHa viajado extensivamente (Inglaterra, Francia, Espa\u00f1a, \u00c1frica, Argentina, Ecuador, Colombia y a la mayor parte de M\u00e9xico) y conoce todo su estado natal de San Luis Potos\u00ed.<br \/>\nTodo esto ha permitido a Frank obtener un criterio muy amplio para llevar a cabo proyectos y propuestas en el \u00e1mbito personal, profesional, humanitario y de servicio al pr\u00f3jimo.<\/p>\n","protected":false},"excerpt":{"rendered":"<p>Redacci\u00f3n.- Florencio de \u00c1vila Morales, tambi\u00e9n conocido como \u201cFrank\u201d, es originario de Cerritos. Ahora intenta la diputaci\u00f3n local por el segundo Distrito Electoral, teniendo como suplente a Mario Alberto Serna&#8230;<\/p>\n","protected":false},"author":1,"featured_media":0,"comment_status":"closed","ping_status":"open","sticky":false,"template":"","format":"standard","meta":{"footnotes":""},"categories":[6,463],"tags":[],"class_list":["post-2715","post","type-post","status-publish","format-standard","hentry","category-guadalcazar","category-politica","entry","simple"],"_links":{"self":[{"href":"https:\/\/www.plurinominal.com.mx\/index.php?rest_route=\/wp\/v2\/posts\/2715","targetHints":{"allow":["GET"]}}],"collection":[{"href":"https:\/\/www.plurinominal.com.mx\/index.php?rest_route=\/wp\/v2\/posts"}],"about":[{"href":"https:\/\/www.plurinominal.com.mx\/index.php?rest_route=\/wp\/v2\/types\/post"}],"author":[{"embeddable":true,"href":"https:\/\/www.plurinominal.com.mx\/index.php?rest_route=\/wp\/v2\/users\/1"}],"replies":[{"embeddable":true,"href":"https:\/\/www.plurinominal.com.mx\/index.php?rest_route=%2Fwp%2Fv2%2Fcomments&post=2715"}],"version-history":[{"count":0,"href":"https:\/\/www.plurinominal.com.mx\/index.php?rest_route=\/wp\/v2\/posts\/2715\/revisions"}],"wp:attachment":[{"href":"https:\/\/www.plurinominal.com.mx\/index.php?rest_route=%2Fwp%2Fv2%2Fmedia&parent=2715"}],"wp:term":[{"taxonomy":"category","embeddable":true,"href":"https:\/\/www.plurinominal.com.mx\/index.php?rest_route=%2Fwp%2Fv2%2Fcategories&post=2715"},{"taxonomy":"post_tag","embeddable":true,"href":"https:\/\/www.plurinominal.com.mx\/index.php?rest_route=%2Fwp%2Fv2%2Ftags&post=2715"}],"curies":[{"name":"wp","href":"https:\/\/api.w.org\/{rel}","templated":true}]}}