{"id":272,"date":"2011-09-29T11:57:52","date_gmt":"2011-09-29T16:57:52","guid":{"rendered":"http:\/\/www.plurinominal.com.mx\/?p=272"},"modified":"2011-11-08T11:59:41","modified_gmt":"2011-11-08T17:59:41","slug":"festejo-su-aniversario-la-escuela-telesecundaria-%e2%80%9cheroes-potosinos%e2%80%9d","status":"publish","type":"post","link":"https:\/\/www.plurinominal.com.mx\/?p=272","title":{"rendered":"Festej\u00f3 su aniversario la escuela Telesecundaria \u201cH\u00e9roes Potosinos\u201d"},"content":{"rendered":"<p>Por Roc\u00edo Orozco Quintero<br \/>\nUn aniversario m\u00e1s celebr\u00f3 la escuela Telesecundaria<br \/>\n\u201cH\u00e9roes Potosinos\u201d de Cerritos, para lo cual se organizaron<br \/>\neventos culturales y deportivos.<br \/>\nEl XXVII aniversario se llev\u00f3 a cabo durante los d\u00edas<br \/>\n22 y 23 de Septiembre.<br \/>\nDieron inicio los eventos en las instalaciones del plantel,<br \/>\na donde se dieron cita los alumnos de las comunidades del<br \/>\nTepetate, Mezquites Chicos y Tepoz\u00e1n para llevar a cabo el<br \/>\nconcurso de danza folkl\u00f3rica. Aqu\u00ed los estudiantes pusieron<br \/>\nen pr\u00e1ctica los conocimientos adquiridos en la materia de<br \/>\nartes, con estampas de Jalisco, Veracruz, Nuevo Le\u00f3n y una<br \/>\ndanza del estado de Guanajuato, e hicieron vibrar a los padres<br \/>\nde familia que asistieron, teniendo como ganadores a los<br \/>\nalumnos de la comunidad del Tepetate dirigidos por la Profesora<br \/>\nMartha Licea Reyes.<br \/>\nEl segundo lugar lo ocuparon los alumnos de la comunidad<br \/>\nde Mezquites Chicos dirigidos por la Maestra<br \/>\nReyna Isabel Delgado Rodr\u00edguez mientras que el tercero fue<br \/>\npara la escuela telesecundaria de la comunidad de Tepoz\u00e1n<br \/>\nque tiene a su cargo el Profesor Jos\u00e9 Bernardino Mar\u00edn Nieto.<br \/>\nPara el segundo d\u00eda de actividad la Telesecundaria<br \/>\n\u201cH\u00e9roes Potosinos\u201d abri\u00f3 este evento deportivo con la tradicional<br \/>\ncarrera atl\u00e9tica que sali\u00f3 desde la plaza principal hasta<br \/>\nla escuela engalanada, resultando ganadores en la rama varonil<br \/>\nel alumno Benito Erick Valdivies de la telesecundaria<br \/>\n\u201cH\u00e9roes Potosinos\u201d. El segundo y tercer lugar lo obtuvo la<br \/>\nescuela telesecundaria \u201cFrancisco Gonz\u00e1lez Bocanegra\u201d de la<br \/>\ncomunidad de San Nicol\u00e1s del Bosque con los alumnos<br \/>\nEdgar Reyes Rosales y Francisco Montoya V\u00e1zquez.<br \/>\nEn la rama femenil el primer lugar lo consigui\u00f3 la escuela<br \/>\n\u201cJuan Escutia\u201d de la comunidad de Derramaderos con<br \/>\nla alumna Sara Quintero Facundo, el segundo fue para la<br \/>\nalumna Jessica Johana G\u00f3mez de la escuela Telesecundaria<br \/>\n\u201cH\u00e9roes Potosinos\u201d y el tercer lugar fue ocupado por la<br \/>\nalumna Azucena Garc\u00eda de la comunidad de San Nicol\u00e1s del<br \/>\nBosque.<br \/>\nEn los encuentros de volibol en su rama varonil se coron\u00f3<br \/>\nla escuela Telesecundaria \u201cFrancisco Gonz\u00e1lez Bocanegra\u201d<br \/>\nde la comunidad de San Nicol\u00e1s del Bosque mientras<br \/>\nque en la rama femenil fue para la escuela telesecundaria<br \/>\n\u201cH\u00e9roes Potosinos\u201d.<br \/>\nPara los partidos de basquetbol la Telesecundaria ganadora<br \/>\nfue \u201cL\u00e1zaro C\u00e1rdenas\u201d de la comunidad del Sauz. En<br \/>\nla rama varonil y femenil lo consigui\u00f3 la escuela Telesecundaria<br \/>\n\u201cManuel Jos\u00e9 Oth\u00f3n\u201d de la comunidad de Joya de Luna.<br \/>\nEn futbol las telesecundarias ganadoras fueron \u201cJos\u00e9<br \/>\nL\u00f3pez Portillo\u201d de comunidad de San Pedro en su rama varonil,<br \/>\ny el femenil se lo llev\u00f3 la escuela Telesecundaria \u201cJuan<br \/>\nEscutia\u201d de la comunidad de Palo Seco.<br \/>\nAs\u00ed transcurrieron los d\u00edas de festejo para la Telesecundaria<br \/>\n\u201cH\u00e9roes Potosinos\u201d ya que hace 27 a\u00f1os abri\u00f3 sus<br \/>\npuertas para la comunidad cerritense, pasando por ella un sinf\u00edn<br \/>\nde generaciones que ponen en alto este sistema educativo.<\/p>\n","protected":false},"excerpt":{"rendered":"<p>Por Roc\u00edo Orozco Quintero Un aniversario m\u00e1s celebr\u00f3 la escuela Telesecundaria \u201cH\u00e9roes Potosinos\u201d de Cerritos, para lo cual se organizaron eventos culturales y deportivos. El XXVII aniversario se llev\u00f3 a&#8230;<\/p>\n","protected":false},"author":1,"featured_media":0,"comment_status":"closed","ping_status":"open","sticky":false,"template":"","format":"standard","meta":{"footnotes":""},"categories":[3],"tags":[187,191,188,70,192,186,189,190],"class_list":["post-272","post","type-post","status-publish","format-standard","hentry","category-cerritos","tag-aniversario","tag-edgar-reyes-rosales","tag-epetate","tag-escuela","tag-francisco-montoya-vazquez","tag-heroes-potosinos","tag-mezquites-chicos","tag-tepozan","entry","simple"],"_links":{"self":[{"href":"https:\/\/www.plurinominal.com.mx\/index.php?rest_route=\/wp\/v2\/posts\/272","targetHints":{"allow":["GET"]}}],"collection":[{"href":"https:\/\/www.plurinominal.com.mx\/index.php?rest_route=\/wp\/v2\/posts"}],"about":[{"href":"https:\/\/www.plurinominal.com.mx\/index.php?rest_route=\/wp\/v2\/types\/post"}],"author":[{"embeddable":true,"href":"https:\/\/www.plurinominal.com.mx\/index.php?rest_route=\/wp\/v2\/users\/1"}],"replies":[{"embeddable":true,"href":"https:\/\/www.plurinominal.com.mx\/index.php?rest_route=%2Fwp%2Fv2%2Fcomments&post=272"}],"version-history":[{"count":0,"href":"https:\/\/www.plurinominal.com.mx\/index.php?rest_route=\/wp\/v2\/posts\/272\/revisions"}],"wp:attachment":[{"href":"https:\/\/www.plurinominal.com.mx\/index.php?rest_route=%2Fwp%2Fv2%2Fmedia&parent=272"}],"wp:term":[{"taxonomy":"category","embeddable":true,"href":"https:\/\/www.plurinominal.com.mx\/index.php?rest_route=%2Fwp%2Fv2%2Fcategories&post=272"},{"taxonomy":"post_tag","embeddable":true,"href":"https:\/\/www.plurinominal.com.mx\/index.php?rest_route=%2Fwp%2Fv2%2Ftags&post=272"}],"curies":[{"name":"wp","href":"https:\/\/api.w.org\/{rel}","templated":true}]}}