{"id":2729,"date":"2012-05-20T10:50:07","date_gmt":"2012-05-20T15:50:07","guid":{"rendered":"http:\/\/www.plurinominal.com.mx\/?p=2729"},"modified":"2012-05-22T10:51:05","modified_gmt":"2012-05-22T15:51:05","slug":"sustaita-regresare-a-cerritos-para-escuchar-las-necesidades-de-la-gente","status":"publish","type":"post","link":"https:\/\/www.plurinominal.com.mx\/?p=2729","title":{"rendered":"Sustaita: Regresar\u00e9 a Cerritos para escuchar las necesidades de la gente"},"content":{"rendered":"<p>Rom\u00e1n G.- Con la promesa de pronto regresar a este municipio, el candidato por el segundo distrito electoral del Partido Verde Ecologista de M\u00e9xico Ra\u00fal Sustaita Garc\u00eda, al volver de nuevo, escuchar\u00e1 las necesidades de los cerritenses y a su vez continuar\u00e1 brindando su apoyo incondicional al candidato por el verde Carlos Ruiz P\u00e9rez.<br \/>\nComo anteriormente lo ha referido, este candidato a Diputado est\u00e1 convencido de la victoria del Verde, dado que la fuerza pol\u00edtica viene a brindar una soluci\u00f3n a la problem\u00e1tica jam\u00e1s resuelta.<br \/>\nSustaita Garc\u00eda asegur\u00f3 que \u201cde lograr la diputaci\u00f3n estar\u00e1 sumamente comprometido con la ciudadan\u00eda cerritense, estando al pendiente de las necesidades de esta cabecera y dem\u00e1s municipios pertenecientes a este distrito electoral\u201d.<br \/>\nEn cuanto a las opiniones divididas  hacia su persona, el candidato respondi\u00f3 \u201cestoy muy tranquilo de los comentarios que han circulado a lo largo de mi campa\u00f1a, dado que \u00e9stos no cuentan con los suficientes fundamentos para preocuparme, mis labores hablan de c\u00f3mo puedo trabajar por un bien com\u00fan, sin embargo invito a los cerritenses en mi pr\u00f3xima visita a acercarse y exponer sus necesidades, ya que estar\u00e9 a sus \u00f3rdenes\u201d.         <\/p>\n","protected":false},"excerpt":{"rendered":"<p>Rom\u00e1n G.- Con la promesa de pronto regresar a este municipio, el candidato por el segundo distrito electoral del Partido Verde Ecologista de M\u00e9xico Ra\u00fal Sustaita Garc\u00eda, al volver de&#8230;<\/p>\n","protected":false},"author":1,"featured_media":0,"comment_status":"closed","ping_status":"open","sticky":false,"template":"","format":"standard","meta":{"footnotes":""},"categories":[3,6,463],"tags":[],"class_list":["post-2729","post","type-post","status-publish","format-standard","hentry","category-cerritos","category-guadalcazar","category-politica","entry","simple"],"_links":{"self":[{"href":"https:\/\/www.plurinominal.com.mx\/index.php?rest_route=\/wp\/v2\/posts\/2729","targetHints":{"allow":["GET"]}}],"collection":[{"href":"https:\/\/www.plurinominal.com.mx\/index.php?rest_route=\/wp\/v2\/posts"}],"about":[{"href":"https:\/\/www.plurinominal.com.mx\/index.php?rest_route=\/wp\/v2\/types\/post"}],"author":[{"embeddable":true,"href":"https:\/\/www.plurinominal.com.mx\/index.php?rest_route=\/wp\/v2\/users\/1"}],"replies":[{"embeddable":true,"href":"https:\/\/www.plurinominal.com.mx\/index.php?rest_route=%2Fwp%2Fv2%2Fcomments&post=2729"}],"version-history":[{"count":0,"href":"https:\/\/www.plurinominal.com.mx\/index.php?rest_route=\/wp\/v2\/posts\/2729\/revisions"}],"wp:attachment":[{"href":"https:\/\/www.plurinominal.com.mx\/index.php?rest_route=%2Fwp%2Fv2%2Fmedia&parent=2729"}],"wp:term":[{"taxonomy":"category","embeddable":true,"href":"https:\/\/www.plurinominal.com.mx\/index.php?rest_route=%2Fwp%2Fv2%2Fcategories&post=2729"},{"taxonomy":"post_tag","embeddable":true,"href":"https:\/\/www.plurinominal.com.mx\/index.php?rest_route=%2Fwp%2Fv2%2Ftags&post=2729"}],"curies":[{"name":"wp","href":"https:\/\/api.w.org\/{rel}","templated":true}]}}