{"id":2731,"date":"2012-05-22T10:55:18","date_gmt":"2012-05-22T15:55:18","guid":{"rendered":"http:\/\/www.plurinominal.com.mx\/?p=2731"},"modified":"2012-05-22T10:55:26","modified_gmt":"2012-05-22T15:55:26","slug":"27-las-casas-mas-afectadas-por-tromba-del-sauz","status":"publish","type":"post","link":"https:\/\/www.plurinominal.com.mx\/?p=2731","title":{"rendered":"27 las casas m\u00e1s afectadas por tromba del Sa\u00faz"},"content":{"rendered":"<ul>\n<li>La ayuda empezar\u00e1 a fluir en una semana: Caballero Lezama<\/li>\n<\/ul>\n<figure id=\"attachment_2732\" aria-describedby=\"caption-attachment-2732\" style=\"width: 335px\" class=\"wp-caption alignright\"><a href=\"https:\/\/www.plurinominal.com.mx\/wp-content\/uploads\/10-El-Sauz.jpg\"><img loading=\"lazy\" decoding=\"async\" class=\"size-full wp-image-2732\" title=\"Tromba en el El Sauz\" src=\"https:\/\/www.plurinominal.com.mx\/wp-content\/uploads\/10-El-Sauz.jpg\" alt=\"\" width=\"335\" height=\"251\" srcset=\"https:\/\/www.plurinominal.com.mx\/wp-content\/uploads\/10-El-Sauz.jpg 335w, https:\/\/www.plurinominal.com.mx\/wp-content\/uploads\/10-El-Sauz-300x224.jpg 300w\" sizes=\"auto, (max-width: 335px) 100vw, 335px\" \/><\/a><figcaption id=\"caption-attachment-2732\" class=\"wp-caption-text\">Hubo 27 hogares afectados por la tromba.<\/figcaption><\/figure>\n<p><em>Francisco V.-<\/em> El Director de Protecci\u00f3n Civil en el H. Ayuntamiento, Herminio Caballero Lezama dijo que la dependencia a su cargo realiz\u00f3 una visita de supervisi\u00f3n en las viviendas del Sa\u00faz.<br \/>\nTal acci\u00f3n la realiz\u00f3 despu\u00e9s de recibir una llamada donde se detallaba la forma en que se abati\u00f3 el fen\u00f3meno meteorol\u00f3gico.<br \/>\nEl director expres\u00f3, que durante la visita realizada en las viviendas se dio cuenta que 27 son las m\u00e1s afectadas. Su funci\u00f3n es localizar las que tengan mayor da\u00f1o en habitaciones o cocina.<br \/>\nEn algunas casas la tromba derrumb\u00f3 el techo que sirve de sombra para las familias, por eso se dio mayor prioridad a algunas casas.<br \/>\nSon 27 viviendas y en todas ellas se necesitar\u00e1n 135 l\u00e1minas para reconstruir los techos da\u00f1ados. \u00danicamente en dos casos se necesita cemento y en una impermeabilizante.<br \/>\nCaballero Lezama ya solicit\u00f3 el material necesario y estar\u00e1 a disposici\u00f3n de los beneficiarios en el tiempo de una semana.<br \/>\nDijo que el fen\u00f3meno meteorol\u00f3gico se abati\u00f3 con mucha fuerza sobre el Sa\u00faz, pues en los Bosques solamente fue el vendaval.<br \/>\nEn el Sa\u00faz son muchos los \u00e1rboles da\u00f1ados y m\u00e1s a\u00fan las viviendas. En algunas de ellas el viento se llev\u00f3 los techos completos.<br \/>\nEn la infraestructura el\u00e9ctrica fueron pocos los perjuicios, solamente rompi\u00f3 un alambre que sirve de tirante y afloj\u00f3 algunos cables, pero corren el peligro de que con otro viento se peguen entre s\u00ed y causen un cortocircuito, lo que se reportar\u00e1 directamente a la Comisi\u00f3n Federal de Electricidad.<br \/>\nLas labores de limpieza en la calle principal fueron realizadas inmediatamente por los habitantes de la comunidad y la cuadrilla de plazas y jardines. Para el siguiente d\u00eda la calle se encontraba libre de obst\u00e1culos y posteriormente los vecinos de esa comunidad se concretaron a limpiar sus hogares.<br \/>\nEn algunas casas se pudo ver ropa tendida y cobijas, ya que la lluvia se introdujo en las viviendas al levantar las l\u00e1minas.<\/p>\n","protected":false},"excerpt":{"rendered":"<p>La ayuda empezar\u00e1 a fluir en una semana: Caballero Lezama Francisco V.- El Director de Protecci\u00f3n Civil en el H. Ayuntamiento, Herminio Caballero Lezama dijo que la dependencia a su&#8230;<\/p>\n","protected":false},"author":1,"featured_media":0,"comment_status":"closed","ping_status":"open","sticky":false,"template":"","format":"standard","meta":{"footnotes":""},"categories":[3],"tags":[],"class_list":["post-2731","post","type-post","status-publish","format-standard","hentry","category-cerritos","entry","simple"],"_links":{"self":[{"href":"https:\/\/www.plurinominal.com.mx\/index.php?rest_route=\/wp\/v2\/posts\/2731","targetHints":{"allow":["GET"]}}],"collection":[{"href":"https:\/\/www.plurinominal.com.mx\/index.php?rest_route=\/wp\/v2\/posts"}],"about":[{"href":"https:\/\/www.plurinominal.com.mx\/index.php?rest_route=\/wp\/v2\/types\/post"}],"author":[{"embeddable":true,"href":"https:\/\/www.plurinominal.com.mx\/index.php?rest_route=\/wp\/v2\/users\/1"}],"replies":[{"embeddable":true,"href":"https:\/\/www.plurinominal.com.mx\/index.php?rest_route=%2Fwp%2Fv2%2Fcomments&post=2731"}],"version-history":[{"count":0,"href":"https:\/\/www.plurinominal.com.mx\/index.php?rest_route=\/wp\/v2\/posts\/2731\/revisions"}],"wp:attachment":[{"href":"https:\/\/www.plurinominal.com.mx\/index.php?rest_route=%2Fwp%2Fv2%2Fmedia&parent=2731"}],"wp:term":[{"taxonomy":"category","embeddable":true,"href":"https:\/\/www.plurinominal.com.mx\/index.php?rest_route=%2Fwp%2Fv2%2Fcategories&post=2731"},{"taxonomy":"post_tag","embeddable":true,"href":"https:\/\/www.plurinominal.com.mx\/index.php?rest_route=%2Fwp%2Fv2%2Ftags&post=2731"}],"curies":[{"name":"wp","href":"https:\/\/api.w.org\/{rel}","templated":true}]}}