{"id":2736,"date":"2012-05-22T11:00:41","date_gmt":"2012-05-22T16:00:41","guid":{"rendered":"http:\/\/www.plurinominal.com.mx\/?p=2736"},"modified":"2012-05-22T11:00:57","modified_gmt":"2012-05-22T16:00:57","slug":"cerritos-municipio-homofobico","status":"publish","type":"post","link":"https:\/\/www.plurinominal.com.mx\/?p=2736","title":{"rendered":"El Cerritos \u201cHomof\u00f3bico\u201d"},"content":{"rendered":"<p><em>Del equipo de redacci\u00f3n y Rom\u00e1n G.-<\/em> En el marco de la celebraci\u00f3n del \u201cD\u00eda Internacional de la Homosexualidad\u201d, (17 de Mayo) nuestro municipio ha sido catalogado como homof\u00f3bico.<br \/>\nExpertos en el tema \u2014con cursos universitarios, uno del sexo masculino y dos del femenino\u2014 que solicitaron discreci\u00f3n en cuanto a sus generales, manifestaron que \u201cCerritos lamentablemente es un pueblo sumamente cerrado en relaci\u00f3n a los homosexuales, aqu\u00ed, un joven con estas caracter\u00edsticas encuentra grandes barreras para integrarse al c\u00edrculo social. En la b\u00fasqueda de una identidad propia a su edad experimenta grandes dificultades no s\u00f3lo en la sociedad, sino con el mismo seno familiar. Para que un joven logre desenvolverse 100% como gay es necesario que primeramente se acepte a s\u00ed mismo, ya que esto le dar\u00e1 mayor confianza de hablar con sus padres acerca de sus preferencias, pero lamentablemente nuestro municipio contin\u00faa practicando el machismo masculino, es decir ser macho es igual a tener muchas relaciones con mujeres y viceversa. Esta situaci\u00f3n ha deca\u00eddo en la pr\u00e1ctica mon\u00f3tona de relaciones sexuales sin precauciones, en casos extremos los j\u00f3venes homosexuales ven muy cerradas las oportunidades de superaci\u00f3n a causa de burlas y maltratos f\u00edsicos o psicol\u00f3gicos\u2026 hasta que nuestra sociedad cambie su forma de pensar, Cerritos continuar\u00e1 siendo catalogado como Homof\u00f3bico\u201d.<br \/>\nUn caso muy notorio fue el de un grupo de personas con esta preferencia sexual que ven\u00eda desde Rioverde a entablar encuentros de voleibol. Aparte de ser v\u00edctimas de las burlas de la afici\u00f3n, fue claro el morbo de la ciudadan\u00eda que acud\u00eda al auditorio con tal de presenciar al grupo de homosexuales, que finalmente opt\u00f3 por no participar. Se sabe que ellos catalogaron a Cerritos como un lugar \u201cde mente cerrada\u201d.<\/p>\n","protected":false},"excerpt":{"rendered":"<p>Del equipo de redacci\u00f3n y Rom\u00e1n G.- En el marco de la celebraci\u00f3n del \u201cD\u00eda Internacional de la Homosexualidad\u201d, (17 de Mayo) nuestro municipio ha sido catalogado como homof\u00f3bico. Expertos&#8230;<\/p>\n","protected":false},"author":1,"featured_media":0,"comment_status":"closed","ping_status":"open","sticky":false,"template":"","format":"standard","meta":{"footnotes":""},"categories":[3],"tags":[],"class_list":["post-2736","post","type-post","status-publish","format-standard","hentry","category-cerritos","entry","simple"],"_links":{"self":[{"href":"https:\/\/www.plurinominal.com.mx\/index.php?rest_route=\/wp\/v2\/posts\/2736","targetHints":{"allow":["GET"]}}],"collection":[{"href":"https:\/\/www.plurinominal.com.mx\/index.php?rest_route=\/wp\/v2\/posts"}],"about":[{"href":"https:\/\/www.plurinominal.com.mx\/index.php?rest_route=\/wp\/v2\/types\/post"}],"author":[{"embeddable":true,"href":"https:\/\/www.plurinominal.com.mx\/index.php?rest_route=\/wp\/v2\/users\/1"}],"replies":[{"embeddable":true,"href":"https:\/\/www.plurinominal.com.mx\/index.php?rest_route=%2Fwp%2Fv2%2Fcomments&post=2736"}],"version-history":[{"count":0,"href":"https:\/\/www.plurinominal.com.mx\/index.php?rest_route=\/wp\/v2\/posts\/2736\/revisions"}],"wp:attachment":[{"href":"https:\/\/www.plurinominal.com.mx\/index.php?rest_route=%2Fwp%2Fv2%2Fmedia&parent=2736"}],"wp:term":[{"taxonomy":"category","embeddable":true,"href":"https:\/\/www.plurinominal.com.mx\/index.php?rest_route=%2Fwp%2Fv2%2Fcategories&post=2736"},{"taxonomy":"post_tag","embeddable":true,"href":"https:\/\/www.plurinominal.com.mx\/index.php?rest_route=%2Fwp%2Fv2%2Ftags&post=2736"}],"curies":[{"name":"wp","href":"https:\/\/api.w.org\/{rel}","templated":true}]}}