{"id":2744,"date":"2012-05-19T11:16:32","date_gmt":"2012-05-19T16:16:32","guid":{"rendered":"http:\/\/www.plurinominal.com.mx\/?p=2744"},"modified":"2012-05-22T11:16:50","modified_gmt":"2012-05-22T16:16:50","slug":"el-galletas-detenido","status":"publish","type":"post","link":"https:\/\/www.plurinominal.com.mx\/?p=2744","title":{"rendered":"\u201cEl Galletas\u201d detenido"},"content":{"rendered":"<figure id=\"attachment_2745\" aria-describedby=\"caption-attachment-2745\" style=\"width: 335px\" class=\"wp-caption alignright\"><a href=\"https:\/\/www.plurinominal.com.mx\/wp-content\/uploads\/12-PANCHO-GALLETAS.jpg\"><img loading=\"lazy\" decoding=\"async\" class=\"size-full wp-image-2745\" title=\"PANCHO GALLETAS\" src=\"https:\/\/www.plurinominal.com.mx\/wp-content\/uploads\/12-PANCHO-GALLETAS.jpg\" alt=\"\" width=\"335\" height=\"251\" srcset=\"https:\/\/www.plurinominal.com.mx\/wp-content\/uploads\/12-PANCHO-GALLETAS.jpg 335w, https:\/\/www.plurinominal.com.mx\/wp-content\/uploads\/12-PANCHO-GALLETAS-300x224.jpg 300w\" sizes=\"auto, (max-width: 335px) 100vw, 335px\" \/><\/a><figcaption id=\"caption-attachment-2745\" class=\"wp-caption-text\">Se lo llevaron a declarar a la Villa. FOTO: Alberto G.<\/figcaption><\/figure>\n<p><em>Corresponsales.-<\/em> Sujeto conocido ampliamente en la cabecera como \u201cPancho Galletas\u201d qued\u00f3 detenido por en\u00e9sima ocasi\u00f3n.<br \/>\nAhora se le acusa de allanamiento de morada por hechos ocurridos la madrugada del s\u00e1bado 19 de mayo.<br \/>\nFrancisco Reyes, quien no portaba ninguna identificaci\u00f3n al ser detenido, tambi\u00e9n proporcion\u00f3 una edad que difiere de su apariencia, pero se cree que cuenta con aproximadamente 35 a\u00f1os. Tiene su domicilio conocido en Cerritos y fue capturado por los municipales luego de recibir una llamada an\u00f3nima donde avisaron que un sospechoso se encontraba en el techo de una casa sobre la calle Jim\u00e9nez, a la altura del n\u00famero 25 de esta cabecera.<br \/>\nAl percatarse del llamado de auxilio, El Galletas intent\u00f3 darse a la fuga del sitio.<br \/>\nSucedi\u00f3 que d\u00edas anteriores a la detenci\u00f3n, ya se la hab\u00edan hecho algunos llamados de atenci\u00f3n, puesto que al igual que por otros sectores, se le ve\u00eda rondando de manera poco confiable.<br \/>\nTestigos aseguran que muchachitas del sector fueron acosadas por \u201cPancho\u201d.<br \/>\nPolic\u00edas del municipio lo detuvieron para llevarlo a declarar ante el Ministerio P\u00fablico de Villa Ju\u00e1rez la ma\u00f1ana del s\u00e1bado, a quien le toc\u00f3 la guardia el fin de semana, pero al t\u00e9rmino de este n\u00famero, se desconoce sobre su situaci\u00f3n jur\u00eddica.<\/p>\n","protected":false},"excerpt":{"rendered":"<p>Corresponsales.- Sujeto conocido ampliamente en la cabecera como \u201cPancho Galletas\u201d qued\u00f3 detenido por en\u00e9sima ocasi\u00f3n. Ahora se le acusa de allanamiento de morada por hechos ocurridos la madrugada del s\u00e1bado&#8230;<\/p>\n","protected":false},"author":1,"featured_media":0,"comment_status":"closed","ping_status":"open","sticky":false,"template":"","format":"standard","meta":{"footnotes":""},"categories":[465,4],"tags":[],"class_list":["post-2744","post","type-post","status-publish","format-standard","hentry","category-policia-2","category-villa-juarez","entry","simple"],"_links":{"self":[{"href":"https:\/\/www.plurinominal.com.mx\/index.php?rest_route=\/wp\/v2\/posts\/2744","targetHints":{"allow":["GET"]}}],"collection":[{"href":"https:\/\/www.plurinominal.com.mx\/index.php?rest_route=\/wp\/v2\/posts"}],"about":[{"href":"https:\/\/www.plurinominal.com.mx\/index.php?rest_route=\/wp\/v2\/types\/post"}],"author":[{"embeddable":true,"href":"https:\/\/www.plurinominal.com.mx\/index.php?rest_route=\/wp\/v2\/users\/1"}],"replies":[{"embeddable":true,"href":"https:\/\/www.plurinominal.com.mx\/index.php?rest_route=%2Fwp%2Fv2%2Fcomments&post=2744"}],"version-history":[{"count":0,"href":"https:\/\/www.plurinominal.com.mx\/index.php?rest_route=\/wp\/v2\/posts\/2744\/revisions"}],"wp:attachment":[{"href":"https:\/\/www.plurinominal.com.mx\/index.php?rest_route=%2Fwp%2Fv2%2Fmedia&parent=2744"}],"wp:term":[{"taxonomy":"category","embeddable":true,"href":"https:\/\/www.plurinominal.com.mx\/index.php?rest_route=%2Fwp%2Fv2%2Fcategories&post=2744"},{"taxonomy":"post_tag","embeddable":true,"href":"https:\/\/www.plurinominal.com.mx\/index.php?rest_route=%2Fwp%2Fv2%2Ftags&post=2744"}],"curies":[{"name":"wp","href":"https:\/\/api.w.org\/{rel}","templated":true}]}}