{"id":276,"date":"2011-09-26T12:03:40","date_gmt":"2011-09-26T17:03:40","guid":{"rendered":"http:\/\/www.plurinominal.com.mx\/?p=276"},"modified":"2011-11-08T12:04:32","modified_gmt":"2011-11-08T18:04:32","slug":"140-animales-muertos-y-las-causas-se-desconocen","status":"publish","type":"post","link":"https:\/\/www.plurinominal.com.mx\/?p=276","title":{"rendered":"140 animales muertos y las causas se desconocen"},"content":{"rendered":"<p>Por Marco Serna y Erick V.<br \/>\nGanaderos de Guadalc\u00e1zar reportaron<br \/>\nla muerte de m\u00e1s de 140 cabezas<br \/>\nde ganado.<br \/>\nVacas, caballos y burros han perecido<br \/>\nde manera instant\u00e1nea sin que se<br \/>\nconozcan las causas.<br \/>\nEste Domingo Jos\u00e9 Concepci\u00f3n<br \/>\nPineda Jasso, originario de la comunidad<br \/>\nde San Pedro El Alto, acudi\u00f3 a las oficinas<br \/>\nde Plurinominal para manifestar que<br \/>\na nombre de un grupo de afectados, solicita<br \/>\nque las autoridades act\u00faen respecto<br \/>\nal problema que no ha podido ser resuelto.<br \/>\nRelat\u00f3 que todo inici\u00f3 durante los<br \/>\n\u00faltimos d\u00edas de junio, \u201ccuando se vinieron<br \/>\nlas primeras aguas\u201d. Explic\u00f3 que \u201cesto fue<br \/>\nmuy malo para los animales, porque en<br \/>\nmenos de 74 horas todos cayeron, en ese<br \/>\nentonces fueron 83 los que se reportaron<br \/>\nante el Sistema Nacional de Identificaci\u00f3n<br \/>\nIndividual de Ganado\u201d.<br \/>\nSin embargo, \u2014relat\u00f3 el viejito\u2014<br \/>\nque esperaban que la pesadilla terminara.<br \/>\nNo fue as\u00ed. Desde entonces, han seguido<br \/>\nmuriendo los animales de manera inexplicable<br \/>\ny ahora los s\u00edntomas no duran m\u00e1s<br \/>\nde 24 horas.<br \/>\nDe entrada el grupo de afectados<br \/>\ncreyeron que todo era cuesti\u00f3n de vacunarlos<br \/>\ncontra las enfermedades m\u00e1s comunes,<br \/>\npero la \u201cmuerte ha agarrado<br \/>\nparejo\u201d \u2014vacunados o no\u2014.<br \/>\nPineda Jasso asegur\u00f3 que siempre<br \/>\nha estado al pendiente del ganado,<br \/>\nas\u00ed como a los s\u00edntomas, pero nada se<br \/>\npuede hacer.<br \/>\nDijo que desde los \u00faltimos d\u00edas de<br \/>\njunio hasta esta fecha, han sido ya 140<br \/>\nanimales \u2014aproximadamente\u2014 los que<br \/>\nhan muerto, entre los que pueden contabilizarse<br \/>\nvaquillas, yeguas y burros.<br \/>\nDijeron que la situaci\u00f3n ha empeorado<br \/>\ny de algunos casos no cuentan con<br \/>\npruebas, debido a que es dif\u00edcil obtener<br \/>\nfotograf\u00edas para mostrar a las dependencias<br \/>\ngubernamentales todos los cuerpos.<br \/>\nA trav\u00e9s de la presente, exigen al<br \/>\nDoctor Fernando Toranzo, tenga a bien<br \/>\nordenar a quien corresponda se inicie una<br \/>\naveriguaci\u00f3n al respecto para solucionar<br \/>\nla problem\u00e1tica que atraviesan.<br \/>\n\u201cEs necesaria una brigada para<br \/>\ncombatir la mortandad que acecha\u201d.<br \/>\nCon actitud desesperada, el se\u00f1or<br \/>\ndeclar\u00f3 que el ganado es una parte fundamental<br \/>\npara obtener recursos econ\u00f3micos<br \/>\nque les ayudan a subsistir, \u201cnos<br \/>\nestamos quedando sin animales\u201d. Declar\u00f3.<br \/>\nEnumer\u00f3 como los perjudicados a<br \/>\nAndr\u00e9s Pineda Bueno, Rafael Pineda Pineda,<br \/>\nFrancisco Pineda Jasso, Eugenio<br \/>\nV\u00e1zquez Pineda, Faustino V\u00e1zquez Pineda,<br \/>\nSa\u00fal V\u00e1zquez Pineda, Tom\u00e1s Gonz\u00e1lez<br \/>\nPineda, Ismael Hern\u00e1ndez Pineda,<br \/>\nSantiago Gonz\u00e1lez Reyes, Sixta Gonz\u00e1lez<br \/>\nTorres y Abraham Pineda Pineda, as\u00ed<br \/>\ncomo el propio denunciante, Jos\u00e9 Concepci\u00f3n<br \/>\nPineda Jasso.<br \/>\nSe\u00f1al\u00f3 que esperan la pronta visita<br \/>\nde las autoridades en el lugar que habitan,<br \/>\ndebido a que es bien tiempo de<br \/>\nrealizar muestreos \u201cporque algunos cad\u00e1veres<br \/>\ntodav\u00eda est\u00e1n enteros\u201d.<br \/>\nDijo que una persona de nombre<br \/>\nGustavo Guti\u00e9rrez dio fe de los cuerpos<br \/>\nsin vida, pero Pineda Jasso reconoci\u00f3<br \/>\nque lo anterior no es suficiente para poner<br \/>\nalto a la muerte del ganado.<br \/>\n\u201cNo sabemos qu\u00e9 es lo que va a<br \/>\npasar, creemos que tenemos que venderlos\u201d,<br \/>\npero el hombre no recapacit\u00f3 sobre<br \/>\nsi una vez expresado el caso alguien<br \/>\npueda atreverse a comprarlos al conocer<br \/>\nque padecen un mal da\u00f1ino que pueda<br \/>\nperjudicar al consumidor.<\/p>\n","protected":false},"excerpt":{"rendered":"<p>Por Marco Serna y Erick V. Ganaderos de Guadalc\u00e1zar reportaron la muerte de m\u00e1s de 140 cabezas de ganado. Vacas, caballos y burros han perecido de manera instant\u00e1nea sin que&#8230;<\/p>\n","protected":false},"author":1,"featured_media":0,"comment_status":"closed","ping_status":"open","sticky":false,"template":"","format":"standard","meta":{"footnotes":""},"categories":[3,6],"tags":[180,181,65],"class_list":["post-276","post","type-post","status-publish","format-standard","hentry","category-cerritos","category-guadalcazar","tag-ganado","tag-guadalcazar-2","tag-muerte","entry","simple"],"_links":{"self":[{"href":"https:\/\/www.plurinominal.com.mx\/index.php?rest_route=\/wp\/v2\/posts\/276","targetHints":{"allow":["GET"]}}],"collection":[{"href":"https:\/\/www.plurinominal.com.mx\/index.php?rest_route=\/wp\/v2\/posts"}],"about":[{"href":"https:\/\/www.plurinominal.com.mx\/index.php?rest_route=\/wp\/v2\/types\/post"}],"author":[{"embeddable":true,"href":"https:\/\/www.plurinominal.com.mx\/index.php?rest_route=\/wp\/v2\/users\/1"}],"replies":[{"embeddable":true,"href":"https:\/\/www.plurinominal.com.mx\/index.php?rest_route=%2Fwp%2Fv2%2Fcomments&post=276"}],"version-history":[{"count":0,"href":"https:\/\/www.plurinominal.com.mx\/index.php?rest_route=\/wp\/v2\/posts\/276\/revisions"}],"wp:attachment":[{"href":"https:\/\/www.plurinominal.com.mx\/index.php?rest_route=%2Fwp%2Fv2%2Fmedia&parent=276"}],"wp:term":[{"taxonomy":"category","embeddable":true,"href":"https:\/\/www.plurinominal.com.mx\/index.php?rest_route=%2Fwp%2Fv2%2Fcategories&post=276"},{"taxonomy":"post_tag","embeddable":true,"href":"https:\/\/www.plurinominal.com.mx\/index.php?rest_route=%2Fwp%2Fv2%2Ftags&post=276"}],"curies":[{"name":"wp","href":"https:\/\/api.w.org\/{rel}","templated":true}]}}