{"id":284,"date":"2011-11-06T18:58:42","date_gmt":"2011-11-07T00:58:42","guid":{"rendered":"http:\/\/www.plurinominal.com.mx\/?p=284"},"modified":"2011-11-08T18:59:42","modified_gmt":"2011-11-09T00:59:42","slug":"cerriles-391","status":"publish","type":"post","link":"https:\/\/www.plurinominal.com.mx\/?p=284","title":{"rendered":"Cerriles 391"},"content":{"rendered":"<p>Gracias a la participaci\u00f3n de los habitantes de Buenavista y autoridades de Guadalc\u00e1zar, este viernes se puso en marcha una purificadora de agua con la que se beneficiar\u00e1n los vecinos de la regi\u00f3n.<br \/>\nSe supo que primeramente compraban el l\u00edquido a un precio excesivo, mismo que surt\u00edan empresas cerritenses.<br \/>\nLuego \u00e9stas compitieron entre s\u00ed y el precio baj\u00f3.<br \/>\nSin embargo en ese lugar que se ubica a 20 minutos de Cerritos \u2014utilizando la carretera que lleva a Tula\u2014, ahora el precio por garraf\u00f3n ser\u00e1 mucho menor.<br \/>\nLos beneficios se aplicar\u00e1n resolviendo algunas necesidades que enfrentan los de Buenavista y se dar\u00e1 el mantenimiento a la purificadora cuya construcci\u00f3n se aprecia a la entrada de la misma comunidad.<br \/>\nEn Cerritos y Villa Ju\u00e1rez no es com\u00fan ver al Diputado de este distrito, Pepe Mart\u00ednez.<br \/>\nPero no ocurre as\u00ed en Guadalc\u00e1zar, lugar donde alguna vez fue presidente municipal.<br \/>\nEn el acto de inauguraci\u00f3n de la purificadora,  el Diputado invit\u00f3 al alcalde \u00c1lvaro Gustavo Jim\u00e9nez Reyes a aprovechar que ahora est\u00e1 en el Congreso, para \u201cllevar a cabo gestiones\u201d.<br \/>\nSe ignora si la misma propuesta la ha hecho al alcalde Erasmo Galv\u00e1n Nieto y a Jes\u00fas Ruiz, puesto que en Cerritos no se tienen noticias sobre un trabajo en conjunto con Mart\u00ednez Mel\u00e9ndez, s\u00f3lo se le ha visto dialogando sobre el proyecto Manzanillas Ojo de Agua, el que muchos ven dif\u00edcil que se lleve a cabo.<\/p>\n<p>El asunto de la ni\u00f1a que supuestamente es maltratada por la madrastra, ya se investiga. De entrada, se puede catalogar como cruda la noticia, pero \u00e9ste puede ser s\u00f3lo uno de tantos casos que no se denuncian.<br \/>\nPor ahora representantes del DIF municipal reconocen que la peque\u00f1a requiere tratamiento psicol\u00f3gico, y la mujer podr\u00eda ser procesada penalmente en caso de probarse su responsabilidad.<\/p>\n<p>Muy comentado el caso del joven que fue detenido en Real de Catorce.<br \/>\nSe indic\u00f3 que anteriormente ten\u00eda un trabajo de \u201cayudante de alba\u00f1il\u201d en esta comunidad, y nadie manifiesta que haya tenido mal car\u00e1cter, \u201cera buena onda\u201d han manifestado quienes convivieron con \u00e9l.<br \/>\nSin embargo se desconocen los motivos por los que tom\u00f3 la determinaci\u00f3n de mezclarse o estar con personas equivocadas y en el lugar menos indicado.<\/p>\n<p>\u201cComo si nada\u201d lleg\u00f3 a la Comandancia el sujeto que intent\u00f3 abusar de una mujer sobre la calle Independencia.<br \/>\nLos ministeriales no dudaron en proceder a detenerlo, y se indica que ya contaba con antecedentes.<br \/>\nAl momento de los hechos ocurridos en abril, no se le pudo capturar, pero una vez que se interpuso la denuncia en la agencia del ministerio p\u00fablico se integr\u00f3 la averiguaci\u00f3n en su contra. Esta fue consignada al juzgado mixto, donde se determin\u00f3 girar la orden de aprehensi\u00f3n.<br \/>\nDicen que \u201cel que nada debe, nada teme\u201d, y esto quiso hacer el \u201cCalilla\u201d, pero no le result\u00f3 pues todo apunta a que s\u00ed se mostr\u00f3 ma\u00f1oso con la muchacha.<\/p>\n<p>Muchos ya saben el desastre que enfrentan vecinos de la calle Mart\u00edn de Turrubiartes y arterias adyacentes, por el colapso de drenaje.<br \/>\nLas aguas negras invadieron los predios, y el tr\u00e1fico vehicular ahora se desv\u00eda por calles alternas y a los conductores no les interesa ir en contra.<br \/>\nEl departamento correspondiente al darse cuenta del problema quiso atacarlo de ra\u00edz, aunque reconocen que en otras administraciones ya conoc\u00edan a fondo que tarde o temprano esto suceder\u00eda, como siempre al ciudadano Erasmo Galv\u00e1n le corresponde pagar la cuenta de los platos rotos, pero tambi\u00e9n se le pide que ponga orden en su equipo de trabajo porque ya no es secreto a voces que all\u00ed muchos hacen lo que quieren.<\/p>\n<p>Luego de reportarse quemas de basura clandestinas, vecinos de las calles Rafael Nieto y Mart\u00edn de Turrubiartes, hacen un llamado a la autoridad a imponer sanciones a quienes realizan estos actos que supuestamente \u201cest\u00e1n prohibidos\u201d.<br \/>\n\u201cSer\u00eda bueno hacer una campa\u00f1a para que la ciudadan\u00eda evite quemar basura de cualquier \u00edndole\u201d.<\/p>\n<p>Ya esperamos con ansia los encuentros de beisbol entre los equipos que llegaron a la final, pero como alguna vez sucedi\u00f3 en el futbol, se escuchan declaraciones negativas: \u201cSe ha formado una mafia que siempre acapara los puestos directivos, ya es tiempo de que llegue gente nueva a dirigir el b\u00e9isbol\u201d.<\/p>\n<p>Nos leemos el mi\u00e9rcoles o vis\u00edtanos \u201ca todo color\u201d en\u2026<br \/>\nwww.plurinominal.com.mx<\/p>\n","protected":false},"excerpt":{"rendered":"<p>Gracias a la participaci\u00f3n de los habitantes de Buenavista y autoridades de Guadalc\u00e1zar, este viernes se puso en marcha una purificadora de agua con la que se beneficiar\u00e1n los vecinos&#8230;<\/p>\n","protected":false},"author":1,"featured_media":0,"comment_status":"closed","ping_status":"open","sticky":false,"template":"","format":"standard","meta":{"footnotes":""},"categories":[1],"tags":[],"class_list":["post-284","post","type-post","status-publish","format-standard","hentry","category-cerriles","entry","simple"],"_links":{"self":[{"href":"https:\/\/www.plurinominal.com.mx\/index.php?rest_route=\/wp\/v2\/posts\/284","targetHints":{"allow":["GET"]}}],"collection":[{"href":"https:\/\/www.plurinominal.com.mx\/index.php?rest_route=\/wp\/v2\/posts"}],"about":[{"href":"https:\/\/www.plurinominal.com.mx\/index.php?rest_route=\/wp\/v2\/types\/post"}],"author":[{"embeddable":true,"href":"https:\/\/www.plurinominal.com.mx\/index.php?rest_route=\/wp\/v2\/users\/1"}],"replies":[{"embeddable":true,"href":"https:\/\/www.plurinominal.com.mx\/index.php?rest_route=%2Fwp%2Fv2%2Fcomments&post=284"}],"version-history":[{"count":0,"href":"https:\/\/www.plurinominal.com.mx\/index.php?rest_route=\/wp\/v2\/posts\/284\/revisions"}],"wp:attachment":[{"href":"https:\/\/www.plurinominal.com.mx\/index.php?rest_route=%2Fwp%2Fv2%2Fmedia&parent=284"}],"wp:term":[{"taxonomy":"category","embeddable":true,"href":"https:\/\/www.plurinominal.com.mx\/index.php?rest_route=%2Fwp%2Fv2%2Fcategories&post=284"},{"taxonomy":"post_tag","embeddable":true,"href":"https:\/\/www.plurinominal.com.mx\/index.php?rest_route=%2Fwp%2Fv2%2Ftags&post=284"}],"curies":[{"name":"wp","href":"https:\/\/api.w.org\/{rel}","templated":true}]}}