{"id":2845,"date":"2012-05-26T12:11:52","date_gmt":"2012-05-26T17:11:52","guid":{"rendered":"http:\/\/www.plurinominal.com.mx\/?p=2845"},"modified":"2012-05-26T12:11:52","modified_gmt":"2012-05-26T17:11:52","slug":"golpearon-a-primo-del-candidato-del-verde-ecologista","status":"publish","type":"post","link":"https:\/\/www.plurinominal.com.mx\/?p=2845","title":{"rendered":"Golpearon a primo del candidato del Verde Ecologista"},"content":{"rendered":"<p>Redacci\u00f3n.- Dentro del bar La Mancha, de la calle Arista de nuestro municipio, se registr\u00f3 un pleito en el que el afectado se dijo que fue Marco Antonio Cruz, que actualmente trabaja en la presidencia de la Villa y es primo del candidato del Verde Ecologista.<br \/>\nSe sabe que lo ocurrido se dio el domingo 20 de mayo, aproximadamente a la 01:00 AM, en el bar \u201cLa Mancha\u201d, que es donde se encontraba el funcionario y al parecer a donde hab\u00eda llegado apenas unos minutos antes.<br \/>\nPolic\u00edas ministeriales ya tienen la investigaci\u00f3n en sus manos y han comenzado a indagar sobre la identidad de la persona que recet\u00f3 un golpe directo en la ceja izquierda de Marco Antonio Cruz P\u00e9rez, lo que le caus\u00f3 una herida con hemorragia, por la que tuvo que entrar al hospital de Cerritos.<br \/>\nSe cont\u00f3 que Marco Antonio se meti\u00f3 al bar porque vio el carro de uno de sus primos. Pidi\u00f3 una cerveza y se quiso retirar. En la puerta se encontr\u00f3 a una persona que le lanz\u00f3 un golpe directo a la cara, despu\u00e9s comenz\u00f3 a insultarlo y no lo sigui\u00f3 golpeando porque intervinieron por \u00e9l, pero s\u00ed se dio otro ataque por parte de un joven que se encontraba con la persona que lanz\u00f3 el primer golpe. Es lo que explicaron las autoridades.<br \/>\nSe ha presentado una denuncia a ra\u00edz de este pleito que se dio en contra de Marco Antonio Cruz, y la investigaci\u00f3n ya est\u00e1 en marcha.<\/p>\n","protected":false},"excerpt":{"rendered":"<p>Redacci\u00f3n.- Dentro del bar La Mancha, de la calle Arista de nuestro municipio, se registr\u00f3 un pleito en el que el afectado se dijo que fue Marco Antonio Cruz, que&#8230;<\/p>\n","protected":false},"author":1,"featured_media":0,"comment_status":"closed","ping_status":"open","sticky":false,"template":"","format":"standard","meta":{"footnotes":""},"categories":[465],"tags":[],"class_list":["post-2845","post","type-post","status-publish","format-standard","hentry","category-policia-2","entry","simple"],"_links":{"self":[{"href":"https:\/\/www.plurinominal.com.mx\/index.php?rest_route=\/wp\/v2\/posts\/2845","targetHints":{"allow":["GET"]}}],"collection":[{"href":"https:\/\/www.plurinominal.com.mx\/index.php?rest_route=\/wp\/v2\/posts"}],"about":[{"href":"https:\/\/www.plurinominal.com.mx\/index.php?rest_route=\/wp\/v2\/types\/post"}],"author":[{"embeddable":true,"href":"https:\/\/www.plurinominal.com.mx\/index.php?rest_route=\/wp\/v2\/users\/1"}],"replies":[{"embeddable":true,"href":"https:\/\/www.plurinominal.com.mx\/index.php?rest_route=%2Fwp%2Fv2%2Fcomments&post=2845"}],"version-history":[{"count":0,"href":"https:\/\/www.plurinominal.com.mx\/index.php?rest_route=\/wp\/v2\/posts\/2845\/revisions"}],"wp:attachment":[{"href":"https:\/\/www.plurinominal.com.mx\/index.php?rest_route=%2Fwp%2Fv2%2Fmedia&parent=2845"}],"wp:term":[{"taxonomy":"category","embeddable":true,"href":"https:\/\/www.plurinominal.com.mx\/index.php?rest_route=%2Fwp%2Fv2%2Fcategories&post=2845"},{"taxonomy":"post_tag","embeddable":true,"href":"https:\/\/www.plurinominal.com.mx\/index.php?rest_route=%2Fwp%2Fv2%2Ftags&post=2845"}],"curies":[{"name":"wp","href":"https:\/\/api.w.org\/{rel}","templated":true}]}}