{"id":2848,"date":"2012-05-27T11:50:38","date_gmt":"2012-05-27T16:50:38","guid":{"rendered":"http:\/\/www.plurinominal.com.mx\/?p=2848"},"modified":"2012-05-28T00:19:45","modified_gmt":"2012-05-28T05:19:45","slug":"lo-mato-con-certero-navajazo-en-el-corazon-frente-a-su-hijo-de-13-anos","status":"publish","type":"post","link":"https:\/\/www.plurinominal.com.mx\/?p=2848","title":{"rendered":"Lo mat\u00f3 de certero navajazo en el coraz\u00f3n frente a su hijo de 13 a\u00f1os"},"content":{"rendered":"<figure id=\"attachment_2849\" aria-describedby=\"caption-attachment-2849\" style=\"width: 256px\" class=\"wp-caption alignright\"><a href=\"https:\/\/www.plurinominal.com.mx\/wp-content\/uploads\/homicida.jpg\"><img loading=\"lazy\" decoding=\"async\" class=\"size-medium wp-image-2849\" title=\"homicida\" src=\"https:\/\/www.plurinominal.com.mx\/wp-content\/uploads\/homicida-256x300.jpg\" alt=\"\" width=\"256\" height=\"300\" srcset=\"https:\/\/www.plurinominal.com.mx\/wp-content\/uploads\/homicida-256x300.jpg 256w, https:\/\/www.plurinominal.com.mx\/wp-content\/uploads\/homicida.jpg 283w\" sizes=\"auto, (max-width: 256px) 100vw, 256px\" \/><\/a><figcaption id=\"caption-attachment-2849\" class=\"wp-caption-text\">Efr\u00e9n Turrubiartes, apenas reaccionaba por el crimen cometido. Se le not\u00f3 borracho. FOTO: MARCO SERNA.<\/figcaption><\/figure>\n<p><em>11:50 PM; Marco Serna.-<\/em> Asesino ultim\u00f3 a su rival de certero navajazo en el coraz\u00f3n frente a su hijo de 13 a\u00f1os. Los hechos sucedieron este domingo 27 de mayo aproximadamente a las 21:30 horas en la comunidad de San Pedro de los Hern\u00e1ndez.<br \/>\nTestigos del lugar observaron la ri\u00f1a que sostuvieron Efr\u00e9n Turrubiartes Aguilar, de 54 a\u00f1os de edad y Tom\u00e1s Galv\u00e1n Hern\u00e1ndez de 50 a\u00f1os, frente a la tienda \u201cAbarrotes Galv\u00e1n\u201d propiedad de Albertina Manzano.<br \/>\nEl primero hiri\u00f3 mortalmente a Tom\u00e1s \u00a0provoc\u00e1ndole herida de 2 cent\u00edmetros en el coraz\u00f3n, muriendo este antes de las 22:05 PM en el IMSS.<br \/>\nJos\u00e9 Fidencio Galv\u00e1n de 13 a\u00f1os, mir\u00f3 vivo por \u00faltima vez a su padre mientras re\u00f1\u00eda, porque aunque lo trasladaron al IMSS, nada se pudo hacer para salvarle la vida.<br \/>\nVecinos de San Pedro aseguran que los protagonistas del pleito son cu\u00f1ados, lo que este medio no pudo comprobar.<br \/>\nEn estos momentos familiares lloran la p\u00e9rdida del ser querido en las instalaciones del IMSS, mientras que el se\u00f1alado como asesino fue remitido a las celdas del CEREDI gracias al operativo implementado por Manuel Escobar, quien lo detuvo apoyado por municipales cuando el homicida intentaba huir a bordo de una camioneta.El sujeto se re\u00eda debido al estado et\u00edlico presentado, al tiempo que comentaba \u201cahora si va a estar cabr\u00f3n, pero ya que, ya me lo ech\u00e9\u201d.<br \/>\nSe sabe que el tipo ya hab\u00eda sido reportado como conflictivo ante los municipales.<\/p>\n","protected":false},"excerpt":{"rendered":"<p>11:50 PM; Marco Serna.- Asesino ultim\u00f3 a su rival de certero navajazo en el coraz\u00f3n frente a su hijo de 13 a\u00f1os. Los hechos sucedieron este domingo 27 de mayo&#8230;<\/p>\n","protected":false},"author":1,"featured_media":0,"comment_status":"closed","ping_status":"open","sticky":false,"template":"","format":"standard","meta":{"footnotes":""},"categories":[465],"tags":[],"class_list":["post-2848","post","type-post","status-publish","format-standard","hentry","category-policia-2","entry","simple"],"_links":{"self":[{"href":"https:\/\/www.plurinominal.com.mx\/index.php?rest_route=\/wp\/v2\/posts\/2848","targetHints":{"allow":["GET"]}}],"collection":[{"href":"https:\/\/www.plurinominal.com.mx\/index.php?rest_route=\/wp\/v2\/posts"}],"about":[{"href":"https:\/\/www.plurinominal.com.mx\/index.php?rest_route=\/wp\/v2\/types\/post"}],"author":[{"embeddable":true,"href":"https:\/\/www.plurinominal.com.mx\/index.php?rest_route=\/wp\/v2\/users\/1"}],"replies":[{"embeddable":true,"href":"https:\/\/www.plurinominal.com.mx\/index.php?rest_route=%2Fwp%2Fv2%2Fcomments&post=2848"}],"version-history":[{"count":0,"href":"https:\/\/www.plurinominal.com.mx\/index.php?rest_route=\/wp\/v2\/posts\/2848\/revisions"}],"wp:attachment":[{"href":"https:\/\/www.plurinominal.com.mx\/index.php?rest_route=%2Fwp%2Fv2%2Fmedia&parent=2848"}],"wp:term":[{"taxonomy":"category","embeddable":true,"href":"https:\/\/www.plurinominal.com.mx\/index.php?rest_route=%2Fwp%2Fv2%2Fcategories&post=2848"},{"taxonomy":"post_tag","embeddable":true,"href":"https:\/\/www.plurinominal.com.mx\/index.php?rest_route=%2Fwp%2Fv2%2Ftags&post=2848"}],"curies":[{"name":"wp","href":"https:\/\/api.w.org\/{rel}","templated":true}]}}