{"id":287,"date":"2011-11-07T01:12:27","date_gmt":"2011-11-07T07:12:27","guid":{"rendered":"http:\/\/www.plurinominal.com.mx\/?p=287"},"modified":"2011-11-09T01:13:27","modified_gmt":"2011-11-09T07:13:27","slug":"continua-cateo-militar-en-comunidades-de-guadalcazar","status":"publish","type":"post","link":"https:\/\/www.plurinominal.com.mx\/?p=287","title":{"rendered":"Contin\u00faa cateo militar en comunidades de Guadalc\u00e1zar"},"content":{"rendered":"<p>Del equipo de redacci\u00f3n<br \/>\nEl cateo militar contin\u00faa en comunidades de Guadalc\u00e1zar.<br \/>\nTestigos indicaron a Plurinominal que a mediados de la semana que concluye, los militares se hicieron presentes en \u201cLas Negritas\u201d, lugar que de acuerdo a las cifras del INEGI cuenta con 1133 habitantes.<br \/>\nAunque lugare\u00f1os han denunciado abusos, no se tiene conocimiento de alg\u00fan caso extremo durante los desarmes.<br \/>\nEn las comunidades de Buenavista y la Hincada se decomisaron cientos de armas el  jueves 13 de octubre.<br \/>\nAprovechando este medio, vecinos de Guadalc\u00e1zar solicitan la intervenci\u00f3n de autoridades municipales en el asunto.<br \/>\n\u201cEst\u00e1 bien que revisen veh\u00edculos o peatones sospechosos, pero es injusto que se metan a las casas, dejan un tiradero\u201d.  Indic\u00f3 un afectado de Buenavista.<br \/>\nReconocieron que algunos s\u00ed fueron agredidos antes de sufrir el desarme, tal como fue el caso de Juan Garc\u00eda, entre muchos otros.<br \/>\n\u201cA muchos les hallaron balas, pero no las armas, por eso creemos que los aparatos que traen los soldados solo detectan la p\u00f3lvora\u201d. Explic\u00f3 uno de los que tuvieron que entregar art\u00edculos a los integrantes de la milicia.<br \/>\nDe acuerdo a declaraciones recabadas por Plurinominal, \u201csiempre fue costumbre que la mayor\u00eda de las familias coleccionaran pistolas y rifles en esos lugares\u201d.<br \/>\nAhora, son ellos mismos quienes ven al ej\u00e9rcito con temor, como enemigo, al saber que los despojar\u00e1n de sus propiedades.<br \/>\nSin embargo los vecinos no toman en cuenta que la prohibici\u00f3n la estipula la propia legislaci\u00f3n.<br \/>\n\u201cEntre nosotros nos avisamos cuando vemos a los soldados, tampoco podemos quedarnos desprotegidos, aqu\u00ed llega o pasa mucha gente desconocida\u201d. Indica un habitante de donde ocurri\u00f3 el desarme la segunda semana de octubre. En Buenavista se observaron unidades militares llenas de armamento que fue confiscado a los civiles.<br \/>\nPlurinominal logr\u00f3 el \u201ccomentario de un soldado\u201d, en relaci\u00f3n al tema.<br \/>\nRecord\u00f3 que \u201cel uso de armas debe darse \u00fanicamente para defender a la naci\u00f3n\u201d y en ese sentido lanz\u00f3 el exhorto para que quienes tengan alguna en su poder la entreguen al ej\u00e9rcito, a cambio de un incentivo econ\u00f3mico, as\u00ed como el compromiso de no hacer preguntas de c\u00f3mo la obtuvieron y la discreci\u00f3n del caso.<br \/>\nPara reducir el n\u00famero de personas que portan o tienen en sus hogares una o m\u00e1s armas de fuego, se rumora que las acciones podr\u00edan extenderse a comunidades pertenecientes a la cabecera municipal cerritense.<\/p>\n","protected":false},"excerpt":{"rendered":"<p>Del equipo de redacci\u00f3n El cateo militar contin\u00faa en comunidades de Guadalc\u00e1zar. Testigos indicaron a Plurinominal que a mediados de la semana que concluye, los militares se hicieron presentes en&#8230;<\/p>\n","protected":false},"author":1,"featured_media":0,"comment_status":"closed","ping_status":"open","sticky":false,"template":"","format":"standard","meta":{"footnotes":""},"categories":[6],"tags":[154,197,155,199,198],"class_list":["post-287","post","type-post","status-publish","format-standard","hentry","category-guadalcazar","tag-buenavista","tag-cateo","tag-la-hincada","tag-las-negritas","tag-militares","entry","simple"],"_links":{"self":[{"href":"https:\/\/www.plurinominal.com.mx\/index.php?rest_route=\/wp\/v2\/posts\/287","targetHints":{"allow":["GET"]}}],"collection":[{"href":"https:\/\/www.plurinominal.com.mx\/index.php?rest_route=\/wp\/v2\/posts"}],"about":[{"href":"https:\/\/www.plurinominal.com.mx\/index.php?rest_route=\/wp\/v2\/types\/post"}],"author":[{"embeddable":true,"href":"https:\/\/www.plurinominal.com.mx\/index.php?rest_route=\/wp\/v2\/users\/1"}],"replies":[{"embeddable":true,"href":"https:\/\/www.plurinominal.com.mx\/index.php?rest_route=%2Fwp%2Fv2%2Fcomments&post=287"}],"version-history":[{"count":0,"href":"https:\/\/www.plurinominal.com.mx\/index.php?rest_route=\/wp\/v2\/posts\/287\/revisions"}],"wp:attachment":[{"href":"https:\/\/www.plurinominal.com.mx\/index.php?rest_route=%2Fwp%2Fv2%2Fmedia&parent=287"}],"wp:term":[{"taxonomy":"category","embeddable":true,"href":"https:\/\/www.plurinominal.com.mx\/index.php?rest_route=%2Fwp%2Fv2%2Fcategories&post=287"},{"taxonomy":"post_tag","embeddable":true,"href":"https:\/\/www.plurinominal.com.mx\/index.php?rest_route=%2Fwp%2Fv2%2Ftags&post=287"}],"curies":[{"name":"wp","href":"https:\/\/api.w.org\/{rel}","templated":true}]}}