{"id":2882,"date":"2012-05-24T18:59:37","date_gmt":"2012-05-24T23:59:37","guid":{"rendered":"http:\/\/www.plurinominal.com.mx\/?p=2882"},"modified":"2012-05-29T19:01:05","modified_gmt":"2012-05-30T00:01:05","slug":"asilo-san-jorge-tiene-nuevo-brillo-de-esperanza","status":"publish","type":"post","link":"https:\/\/www.plurinominal.com.mx\/?p=2882","title":{"rendered":"Asilo San Jorge tiene \u201cnuevo brillo de esperanza\u201d"},"content":{"rendered":"<p><figure id=\"attachment_2883\" aria-describedby=\"caption-attachment-2883\" style=\"width: 283px\" class=\"wp-caption alignright\"><a href=\"https:\/\/www.plurinominal.com.mx\/wp-content\/uploads\/asilo-copia.jpg\"><img loading=\"lazy\" decoding=\"async\" src=\"https:\/\/www.plurinominal.com.mx\/wp-content\/uploads\/asilo-copia.jpg\" alt=\"\" title=\"asilo copia\" width=\"283\" height=\"213\" class=\"size-full wp-image-2883\" \/><\/a><figcaption id=\"caption-attachment-2883\" class=\"wp-caption-text\">Ya se atiende a los adultos.<\/figcaption><\/figure>Rom\u00e1n G.- Por iniciativa propia de la se\u00f1ora Ver\u00f3nica San Mart\u00edn, el asilo de ancianos San Jorge tiene un nuevo brillo de esperanza, puesto que se intenta mejorar la calidad de vida de sus ocupantes.<br \/>\nEste martes 22 de mayo esta mujer logr\u00f3 la asistencia del sub director de obras p\u00fablicas Mario Reyes en las instalaciones del asilo, para presentar las deplorables condiciones que los residentes del lugar deben padecer cada d\u00eda.<br \/>\nTras un recorrido por el lugar fue obvio el estado en el cual se encuentran sectores importantes como los ba\u00f1os de cada habitaci\u00f3n, rampas de acceso y las necesidades primordiales de los ancianos tales como comida, vestimenta y muebles \u00fatiles para las pertenencias de cada residente.<br \/>\nLas carencias se presentaron ante la autoridad y esta se comprometi\u00f3 a brindar su apoyo para la mejora de las instalaciones.<br \/>\nLa se\u00f1ora \u201cVer\u00f3nica\u201d asegur\u00f3 que esta iniciativa deriv\u00f3 del accidente que sufri\u00f3 uno de los inquilinos en una de las rampas de acceso siendo necesaria la colocaci\u00f3n de 9 puntos de sutura a la altura de la ceja.<br \/>\nAhora se estar\u00e1n sumando voluntarios para la mejora de la calidad de vida de cada adulto residente.<br \/>\nHasta el momento el grupo ha logrado conseguir psic\u00f3logos, terapeutas y m\u00e9dicos para el control y monitoreo de la salud de los beneficiados.<br \/>\nEn cuanto a las cr\u00edticas por la poca asistencia de adultos mayores, debido a los pocos recursos con los cuales este espacio de retiro cuenta actualmente, este ser\u00e1 el primer paso para la mejora de este sitio que se encontraba en total abandono por nuestra ciudadan\u00eda.                   <\/p>\n","protected":false},"excerpt":{"rendered":"<p>Rom\u00e1n G.- Por iniciativa propia de la se\u00f1ora Ver\u00f3nica San Mart\u00edn, el asilo de ancianos San Jorge tiene un nuevo brillo de esperanza, puesto que se intenta mejorar la calidad&#8230;<\/p>\n","protected":false},"author":1,"featured_media":0,"comment_status":"closed","ping_status":"open","sticky":false,"template":"","format":"standard","meta":{"footnotes":""},"categories":[3],"tags":[],"class_list":["post-2882","post","type-post","status-publish","format-standard","hentry","category-cerritos","entry","simple"],"_links":{"self":[{"href":"https:\/\/www.plurinominal.com.mx\/index.php?rest_route=\/wp\/v2\/posts\/2882","targetHints":{"allow":["GET"]}}],"collection":[{"href":"https:\/\/www.plurinominal.com.mx\/index.php?rest_route=\/wp\/v2\/posts"}],"about":[{"href":"https:\/\/www.plurinominal.com.mx\/index.php?rest_route=\/wp\/v2\/types\/post"}],"author":[{"embeddable":true,"href":"https:\/\/www.plurinominal.com.mx\/index.php?rest_route=\/wp\/v2\/users\/1"}],"replies":[{"embeddable":true,"href":"https:\/\/www.plurinominal.com.mx\/index.php?rest_route=%2Fwp%2Fv2%2Fcomments&post=2882"}],"version-history":[{"count":0,"href":"https:\/\/www.plurinominal.com.mx\/index.php?rest_route=\/wp\/v2\/posts\/2882\/revisions"}],"wp:attachment":[{"href":"https:\/\/www.plurinominal.com.mx\/index.php?rest_route=%2Fwp%2Fv2%2Fmedia&parent=2882"}],"wp:term":[{"taxonomy":"category","embeddable":true,"href":"https:\/\/www.plurinominal.com.mx\/index.php?rest_route=%2Fwp%2Fv2%2Fcategories&post=2882"},{"taxonomy":"post_tag","embeddable":true,"href":"https:\/\/www.plurinominal.com.mx\/index.php?rest_route=%2Fwp%2Fv2%2Ftags&post=2882"}],"curies":[{"name":"wp","href":"https:\/\/api.w.org\/{rel}","templated":true}]}}