{"id":2887,"date":"2012-05-29T19:03:43","date_gmt":"2012-05-30T00:03:43","guid":{"rendered":"http:\/\/www.plurinominal.com.mx\/?p=2887"},"modified":"2012-05-29T19:03:43","modified_gmt":"2012-05-30T00:03:43","slug":"arzobispo-cabrera-podria-visitar-cerritos-en-junio","status":"publish","type":"post","link":"https:\/\/www.plurinominal.com.mx\/?p=2887","title":{"rendered":"Arzobispo Cabrera podr\u00eda visitar Cerritos en junio"},"content":{"rendered":"<p>Rom\u00e1n G.- Durante las pr\u00f3ximas confirmaciones y primeras comuniones programadas para mediados del mes de junio, Cerritos podr\u00eda contar con la visita del Arzobispo Jes\u00fas Carlos Cabrera quien acudir\u00eda a las ceremonias de primera comuni\u00f3n y conformaci\u00f3n de decenas de j\u00f3venes cerritenses.<br \/>\nSer\u00eda la primera ocasi\u00f3n que nuestro municipio estar\u00eda recibiendo al Se\u00f1or Arzobispo.<br \/>\nLa visita est\u00e1 programada para el pr\u00f3ximo 14 de junio del presente a\u00f1o.<br \/>\nPor otro lado, la Notar\u00eda Parroquial inform\u00f3 que las fechas para las pl\u00e1ticas de padres, padrinos y ni\u00f1os ya se encuentran publicadas.<br \/>\nEn ese mismo lugar se pueden solicitar informes.<br \/>\nPara concluir esta informaci\u00f3n, los p\u00e1rrocos adelantaron que ser\u00e1 un gran honor tener la visita del Arzobispo.        <\/p>\n","protected":false},"excerpt":{"rendered":"<p>Rom\u00e1n G.- Durante las pr\u00f3ximas confirmaciones y primeras comuniones programadas para mediados del mes de junio, Cerritos podr\u00eda contar con la visita del Arzobispo Jes\u00fas Carlos Cabrera quien acudir\u00eda a&#8230;<\/p>\n","protected":false},"author":1,"featured_media":0,"comment_status":"closed","ping_status":"open","sticky":false,"template":"","format":"standard","meta":{"footnotes":""},"categories":[3],"tags":[],"class_list":["post-2887","post","type-post","status-publish","format-standard","hentry","category-cerritos","entry","simple"],"_links":{"self":[{"href":"https:\/\/www.plurinominal.com.mx\/index.php?rest_route=\/wp\/v2\/posts\/2887","targetHints":{"allow":["GET"]}}],"collection":[{"href":"https:\/\/www.plurinominal.com.mx\/index.php?rest_route=\/wp\/v2\/posts"}],"about":[{"href":"https:\/\/www.plurinominal.com.mx\/index.php?rest_route=\/wp\/v2\/types\/post"}],"author":[{"embeddable":true,"href":"https:\/\/www.plurinominal.com.mx\/index.php?rest_route=\/wp\/v2\/users\/1"}],"replies":[{"embeddable":true,"href":"https:\/\/www.plurinominal.com.mx\/index.php?rest_route=%2Fwp%2Fv2%2Fcomments&post=2887"}],"version-history":[{"count":0,"href":"https:\/\/www.plurinominal.com.mx\/index.php?rest_route=\/wp\/v2\/posts\/2887\/revisions"}],"wp:attachment":[{"href":"https:\/\/www.plurinominal.com.mx\/index.php?rest_route=%2Fwp%2Fv2%2Fmedia&parent=2887"}],"wp:term":[{"taxonomy":"category","embeddable":true,"href":"https:\/\/www.plurinominal.com.mx\/index.php?rest_route=%2Fwp%2Fv2%2Fcategories&post=2887"},{"taxonomy":"post_tag","embeddable":true,"href":"https:\/\/www.plurinominal.com.mx\/index.php?rest_route=%2Fwp%2Fv2%2Ftags&post=2887"}],"curies":[{"name":"wp","href":"https:\/\/api.w.org\/{rel}","templated":true}]}}