{"id":2893,"date":"2012-05-26T19:09:21","date_gmt":"2012-05-27T00:09:21","guid":{"rendered":"http:\/\/www.plurinominal.com.mx\/?p=2893"},"modified":"2012-05-29T19:09:45","modified_gmt":"2012-05-30T00:09:45","slug":"denuncian-exagerado-cobro-por-parte-de-la-cfe","status":"publish","type":"post","link":"https:\/\/www.plurinominal.com.mx\/?p=2893","title":{"rendered":"Denuncian exagerado cobro por parte de la CFE"},"content":{"rendered":"<ul>\n<li>De 150 pesos el monto ascendi\u00f3 1200<\/li>\n<\/ul>\n<p><em>Francisco V.-<\/em> Campesino de la comunidad del Sa\u00faz, denunci\u00f3 ante este medio el exagerado cobro que apareci\u00f3 en su recibo por consumo de energ\u00eda el\u00e9ctrica, el cual de 150 pesos ascendi\u00f3 a un poco m\u00e1s de $1200.<br \/>\nNarr\u00f3 el afectado que desde hace mucho tiempo, ha pagado una cantidad que oscila entre 120 y 150 pesos.<br \/>\nSiempre ha tenido los mismos aparatos y focos. Por ello se atreve a decir que en esta ocasi\u00f3n no hubo gasto extra de energ\u00eda.<br \/>\nEl campesino acudi\u00f3 a las oficinas de la Comisi\u00f3n Federal de Electricidad para reclamar. Se concretaron a decirle que \u201cel consumo fue alto, de un poco m\u00e1s de 600 watts\u201d, pero no encontr\u00f3 una respuesta bien fundamentada.<br \/>\nLa recomendaron que verificara la instalaci\u00f3n el\u00e9ctrica y desenchufara los focos y aparatos, para ver si \u00e9l medidor continuaba funcionando. As\u00ed lo hizo para concluir que no se tiene un corto en su hogar.<br \/>\nAunque exhibi\u00f3 el historial de consumo, no le fue validado y tuvo que pagar la cantidad mencionada. El apoyo que le daban era el de hacer el pago en parcialidades.<br \/>\nEl campesino buscaba una instancia adecuada donde interponer su queja, para ello deb\u00eda viajar a la ciudad de San Luis Potos\u00ed o Rioverde para interponer su queja ante la Procuradur\u00eda Federal del Consumidor.<br \/>\nLo anterior no lo pudo realizar debido a la escasez de recursos econ\u00f3micos.<br \/>\nReconoci\u00f3 que para llevar a cabo su queja ante la CFE tuvo que realizar dos viajes a esta cabecera municipal. Eso le merm\u00f3 recursos y con resignaci\u00f3n acept\u00f3 pagar lo estipulado en el recibo.<br \/>\nEsta situaci\u00f3n ya ha sido denunciada en varias ocasiones por consumidores de energ\u00eda el\u00e9ctrica, pero nunca han encontrado una respuesta satisfactoria al exagerado cobro que en ocasiones aparece en sus recibos.<\/p>\n","protected":false},"excerpt":{"rendered":"<p>De 150 pesos el monto ascendi\u00f3 1200 Francisco V.- Campesino de la comunidad del Sa\u00faz, denunci\u00f3 ante este medio el exagerado cobro que apareci\u00f3 en su recibo por consumo de&#8230;<\/p>\n","protected":false},"author":1,"featured_media":0,"comment_status":"closed","ping_status":"open","sticky":false,"template":"","format":"standard","meta":{"footnotes":""},"categories":[3],"tags":[],"class_list":["post-2893","post","type-post","status-publish","format-standard","hentry","category-cerritos","entry","simple"],"_links":{"self":[{"href":"https:\/\/www.plurinominal.com.mx\/index.php?rest_route=\/wp\/v2\/posts\/2893","targetHints":{"allow":["GET"]}}],"collection":[{"href":"https:\/\/www.plurinominal.com.mx\/index.php?rest_route=\/wp\/v2\/posts"}],"about":[{"href":"https:\/\/www.plurinominal.com.mx\/index.php?rest_route=\/wp\/v2\/types\/post"}],"author":[{"embeddable":true,"href":"https:\/\/www.plurinominal.com.mx\/index.php?rest_route=\/wp\/v2\/users\/1"}],"replies":[{"embeddable":true,"href":"https:\/\/www.plurinominal.com.mx\/index.php?rest_route=%2Fwp%2Fv2%2Fcomments&post=2893"}],"version-history":[{"count":0,"href":"https:\/\/www.plurinominal.com.mx\/index.php?rest_route=\/wp\/v2\/posts\/2893\/revisions"}],"wp:attachment":[{"href":"https:\/\/www.plurinominal.com.mx\/index.php?rest_route=%2Fwp%2Fv2%2Fmedia&parent=2893"}],"wp:term":[{"taxonomy":"category","embeddable":true,"href":"https:\/\/www.plurinominal.com.mx\/index.php?rest_route=%2Fwp%2Fv2%2Fcategories&post=2893"},{"taxonomy":"post_tag","embeddable":true,"href":"https:\/\/www.plurinominal.com.mx\/index.php?rest_route=%2Fwp%2Fv2%2Ftags&post=2893"}],"curies":[{"name":"wp","href":"https:\/\/api.w.org\/{rel}","templated":true}]}}