{"id":2949,"date":"2012-05-26T13:18:54","date_gmt":"2012-05-26T18:18:54","guid":{"rendered":"http:\/\/www.plurinominal.com.mx\/?p=2949"},"modified":"2012-05-31T13:23:00","modified_gmt":"2012-05-31T18:23:00","slug":"se-incrementan-los-robos-en-el-barrio-de-la-santa-cruz","status":"publish","type":"post","link":"https:\/\/www.plurinominal.com.mx\/?p=2949","title":{"rendered":"Se incrementan los robos en el barrio de la Santa Cruz"},"content":{"rendered":"<figure id=\"attachment_2950\" aria-describedby=\"caption-attachment-2950\" style=\"width: 283px\" class=\"wp-caption alignright\"><a href=\"https:\/\/www.plurinominal.com.mx\/wp-content\/uploads\/barrio-santa-cruz.jpg\"><img loading=\"lazy\" decoding=\"async\" class=\"size-full wp-image-2950\" title=\"barrio santa cruz\" src=\"https:\/\/www.plurinominal.com.mx\/wp-content\/uploads\/barrio-santa-cruz.jpg\" alt=\"\" width=\"283\" height=\"189\" \/><\/a><figcaption id=\"caption-attachment-2950\" class=\"wp-caption-text\">Se han incrementado los robos. ARCHIVO PN.<\/figcaption><\/figure>\n<p>Francisco V.- Vecinos del barrio de la Santa Cruz revelaron que los robos se han incrementado y que la mayor parte de los afectados deciden no denunciar los hechos ante autoridades.<br \/>\nSe ha desatado una ola de robos en ese sector de la ciudad. Los amantes de lo ajeno esperan las sombras de la noche para actuar en contra del patrimonio de los ciudadanos.<br \/>\nA uno de los afectados le sustrajeron varios tambos, pero decidi\u00f3 no denunciar los hechos y as\u00ed ha ocurrido con la mayor\u00eda de los afectados.<br \/>\nOtro perjudicado, explic\u00f3 que a \u00e9l le robaron el est\u00e9reo de su veh\u00edculo, pero no acudi\u00f3 a denunciar los hechos. Posteriormente detuvieron a un individuo con varios est\u00e9reos. Como no denunci\u00f3 el robo, eso lo obstaculiz\u00f3 para acudir a verificar si entre los objetos se encontraba el suyo.<br \/>\nVecinos reconocen que la Direcci\u00f3n de Seguridad P\u00fablica Municipal realiza su trabajo, ya que durante la noche y madrugada han observado que diferentes patrullas realizan labores de vigilancia en el sector.<br \/>\nSin embargo los ladrones son astutos y esperan el momento para actuar.<br \/>\nEn entrevista con el Director de Seguridad P\u00fablica Municipal, Jorge Adonai Valladares Lugo, dijo que la corporaci\u00f3n policiaca cuenta con varios veh\u00edculos y todos ellos son destinados a labores de vigilancia durante la noche con el objeto de abatir el n\u00famero de robos.<br \/>\nIndic\u00f3 que lo primero es brindar vigilancia y seguridad a los vecinos y aconsej\u00f3 a los habitantes del municipio que cuando observen personas sospechadas rondando por sus hogares inmediatamente soliciten la presencia de los elementos de la Direcci\u00f3n de Seguridad P\u00fablica Municipal.<\/p>\n","protected":false},"excerpt":{"rendered":"<p>Francisco V.- Vecinos del barrio de la Santa Cruz revelaron que los robos se han incrementado y que la mayor parte de los afectados deciden no denunciar los hechos ante&#8230;<\/p>\n","protected":false},"author":1,"featured_media":0,"comment_status":"closed","ping_status":"open","sticky":false,"template":"","format":"standard","meta":{"footnotes":""},"categories":[3],"tags":[],"class_list":["post-2949","post","type-post","status-publish","format-standard","hentry","category-cerritos","entry","simple"],"_links":{"self":[{"href":"https:\/\/www.plurinominal.com.mx\/index.php?rest_route=\/wp\/v2\/posts\/2949","targetHints":{"allow":["GET"]}}],"collection":[{"href":"https:\/\/www.plurinominal.com.mx\/index.php?rest_route=\/wp\/v2\/posts"}],"about":[{"href":"https:\/\/www.plurinominal.com.mx\/index.php?rest_route=\/wp\/v2\/types\/post"}],"author":[{"embeddable":true,"href":"https:\/\/www.plurinominal.com.mx\/index.php?rest_route=\/wp\/v2\/users\/1"}],"replies":[{"embeddable":true,"href":"https:\/\/www.plurinominal.com.mx\/index.php?rest_route=%2Fwp%2Fv2%2Fcomments&post=2949"}],"version-history":[{"count":0,"href":"https:\/\/www.plurinominal.com.mx\/index.php?rest_route=\/wp\/v2\/posts\/2949\/revisions"}],"wp:attachment":[{"href":"https:\/\/www.plurinominal.com.mx\/index.php?rest_route=%2Fwp%2Fv2%2Fmedia&parent=2949"}],"wp:term":[{"taxonomy":"category","embeddable":true,"href":"https:\/\/www.plurinominal.com.mx\/index.php?rest_route=%2Fwp%2Fv2%2Fcategories&post=2949"},{"taxonomy":"post_tag","embeddable":true,"href":"https:\/\/www.plurinominal.com.mx\/index.php?rest_route=%2Fwp%2Fv2%2Ftags&post=2949"}],"curies":[{"name":"wp","href":"https:\/\/api.w.org\/{rel}","templated":true}]}}