{"id":2954,"date":"2012-05-31T15:27:10","date_gmt":"2012-05-31T20:27:10","guid":{"rendered":"http:\/\/www.plurinominal.com.mx\/?p=2954"},"modified":"2012-05-31T17:08:15","modified_gmt":"2012-05-31T22:08:15","slug":"sacerdote-se-accidento-iba-tomado-sobre-la-libre","status":"publish","type":"post","link":"https:\/\/www.plurinominal.com.mx\/?p=2954","title":{"rendered":"Sacerdote se accident\u00f3, iba tomado sobre la libre"},"content":{"rendered":"<figure id=\"attachment_2955\" aria-describedby=\"caption-attachment-2955\" style=\"width: 283px\" class=\"wp-caption alignright\"><a href=\"https:\/\/www.plurinominal.com.mx\/wp-content\/uploads\/27-de-mayo-002-copia-copia.jpg\"><img loading=\"lazy\" decoding=\"async\" class=\"size-full wp-image-2955\" title=\"Veh\u00edculo de Sacerdote\" src=\"https:\/\/www.plurinominal.com.mx\/wp-content\/uploads\/27-de-mayo-002-copia-copia.jpg\" alt=\"\" width=\"283\" height=\"164\" \/><\/a><figcaption id=\"caption-attachment-2955\" class=\"wp-caption-text\">As\u00ed qued\u00f3 el veh\u00edculo del &quot;padre&quot;.<\/figcaption><\/figure>\n<p><em>Marco Serna.-<\/em> Sacerdote de Cerritos, sufri\u00f3 aparatosa volcadura mientras conduc\u00eda sobre la carretera libre.<br \/>\nTestigos aseguran haberse dado cuenta del olor a alcohol que desped\u00eda el \u201crepresentante divino\u201d, quien por fortuna no sufri\u00f3 lesiones de gravedad al momento de brindarle ayuda.<br \/>\nA las 19:40 PM de este mi\u00e9rcoles 30 de mayo se registraron los hechos, de los que conductores y vecinos de la comunidad de Monta\u00f1a dieron aviso a las corporaciones de polic\u00edas estatal y municipal.<br \/>\nOficiales abanderaron el lugar quedando el caso en manos de agentes del estado.<br \/>\nEl presb\u00edtero sali\u00f3 de la carretera por el lado derecho, para controlar la camioneta nuevamente pero saliendo ahora por el lado contrario, a pocos metros del crucero que lleva hacia la cementera y a la comunidad.<br \/>\nComo no hubo da\u00f1os m\u00e1s que al propio veh\u00edculo, no se registr\u00f3 detenci\u00f3n del \u201cpadre\u201d, s\u00f3lo se asegura que era notorio el estado et\u00edlico que desped\u00eda.<\/p>\n","protected":false},"excerpt":{"rendered":"<p>Marco Serna.- Sacerdote de Cerritos, sufri\u00f3 aparatosa volcadura mientras conduc\u00eda sobre la carretera libre. Testigos aseguran haberse dado cuenta del olor a alcohol que desped\u00eda el \u201crepresentante divino\u201d, quien por&#8230;<\/p>\n","protected":false},"author":1,"featured_media":0,"comment_status":"closed","ping_status":"open","sticky":false,"template":"","format":"standard","meta":{"footnotes":""},"categories":[3],"tags":[],"class_list":["post-2954","post","type-post","status-publish","format-standard","hentry","category-cerritos","entry","simple"],"_links":{"self":[{"href":"https:\/\/www.plurinominal.com.mx\/index.php?rest_route=\/wp\/v2\/posts\/2954","targetHints":{"allow":["GET"]}}],"collection":[{"href":"https:\/\/www.plurinominal.com.mx\/index.php?rest_route=\/wp\/v2\/posts"}],"about":[{"href":"https:\/\/www.plurinominal.com.mx\/index.php?rest_route=\/wp\/v2\/types\/post"}],"author":[{"embeddable":true,"href":"https:\/\/www.plurinominal.com.mx\/index.php?rest_route=\/wp\/v2\/users\/1"}],"replies":[{"embeddable":true,"href":"https:\/\/www.plurinominal.com.mx\/index.php?rest_route=%2Fwp%2Fv2%2Fcomments&post=2954"}],"version-history":[{"count":0,"href":"https:\/\/www.plurinominal.com.mx\/index.php?rest_route=\/wp\/v2\/posts\/2954\/revisions"}],"wp:attachment":[{"href":"https:\/\/www.plurinominal.com.mx\/index.php?rest_route=%2Fwp%2Fv2%2Fmedia&parent=2954"}],"wp:term":[{"taxonomy":"category","embeddable":true,"href":"https:\/\/www.plurinominal.com.mx\/index.php?rest_route=%2Fwp%2Fv2%2Fcategories&post=2954"},{"taxonomy":"post_tag","embeddable":true,"href":"https:\/\/www.plurinominal.com.mx\/index.php?rest_route=%2Fwp%2Fv2%2Ftags&post=2954"}],"curies":[{"name":"wp","href":"https:\/\/api.w.org\/{rel}","templated":true}]}}