{"id":2961,"date":"2012-05-31T16:16:47","date_gmt":"2012-05-31T21:16:47","guid":{"rendered":"http:\/\/www.plurinominal.com.mx\/?p=2961"},"modified":"2012-05-31T16:45:55","modified_gmt":"2012-05-31T21:45:55","slug":"convocan-a-manifestacion-contra-noticiero-local","status":"publish","type":"post","link":"https:\/\/www.plurinominal.com.mx\/?p=2961","title":{"rendered":"Convocan a manifestaci\u00f3n contra noticiero local"},"content":{"rendered":"<figure id=\"attachment_2964\" aria-describedby=\"caption-attachment-2964\" style=\"width: 283px\" class=\"wp-caption alignright\"><a href=\"https:\/\/www.plurinominal.com.mx\/wp-content\/uploads\/Dialogos.jpg\"><img loading=\"lazy\" decoding=\"async\" class=\"size-full wp-image-2964\" title=\"Dialogos\" src=\"https:\/\/www.plurinominal.com.mx\/wp-content\/uploads\/Dialogos.jpg\" alt=\"\" width=\"283\" height=\"213\" \/><\/a><figcaption id=\"caption-attachment-2964\" class=\"wp-caption-text\">En al Programa Di\u00e1logos s\u00ed se abren espacios para escuchar las propuestas de los candidatos, sin embargo a veces no acuden a la cita. FOTO: SERGIO S.<\/figcaption><\/figure>\n<p><em>Marco Serna.-<\/em> Utilizando las redes sociales para escudarse con seud\u00f3nimos, un grupo de simpatizantes con clara preferencia electoral pri\u00edsta, ha comenzado a invitar a la ciudadan\u00eda a manifestar el rechazo ante el noticiero local al exigir \u201cinformaci\u00f3n real y no manipulada\u201d.<br \/>\nSabedores del poder que ha dado el movimiento #MarchaYoSoy132 que ha obligado al duopolio televisivo Televisa-TvAzteca a recular en determinaciones que opacaban al candidato Andr\u00e9s Manuel L\u00f3pez Obrador, y al ver que las acciones de su candidato Jorge Luis Quintero Lu\u00e9vano resultan opacas en el canal local, han expresado su repudio con comentarios como \u00abpues yo los invito a que lo hagan (que se manifiesten) pero en contra de este medio local, ya que en ese medio de comunicaci\u00f3n, solo dicen menos de la mitad de lo que es\u2026 ya no dan hechos ver\u00eddicos\u2026 UNETE por un Cerritos con informaci\u00f3n real y no manipulada\u201d&#8230; Es lo que se aprecia en el espacio \u201csuenos sue\u00f1os\u201d.<br \/>\nAsimismo, la ra\u00edz del descontento radica en que la conductora Jacqueline Jim\u00e9nez dijo p\u00fablicamente, \u00abojal\u00e1 que los muchachos de la UNICOM, Prepa y CBTA se manifestaran contra Televisa y Tv azteca\u00bb, lo que gener\u00f3 cr\u00edticas.<\/p>\n<figure id=\"attachment_2968\" aria-describedby=\"caption-attachment-2968\" style=\"width: 300px\" class=\"wp-caption alignright\"><a href=\"https:\/\/www.plurinominal.com.mx\/wp-content\/uploads\/Suenos-Sue\u00f1os.jpg\"><img loading=\"lazy\" decoding=\"async\" class=\"size-medium wp-image-2968\" title=\"Suenos Sue\u00f1os\" src=\"https:\/\/www.plurinominal.com.mx\/wp-content\/uploads\/Suenos-Sue\u00f1os-300x210.jpg\" alt=\"\" width=\"300\" height=\"210\" srcset=\"https:\/\/www.plurinominal.com.mx\/wp-content\/uploads\/Suenos-Sue\u00f1os-300x210.jpg 300w, https:\/\/www.plurinominal.com.mx\/wp-content\/uploads\/Suenos-Sue\u00f1os.jpg 567w\" sizes=\"auto, (max-width: 300px) 100vw, 300px\" \/><\/a><figcaption id=\"caption-attachment-2968\" class=\"wp-caption-text\">Esto es lo que coment\u00f3 el personaje. (CLIC PARA AMPLIAR).<\/figcaption><\/figure>\n<p>Posteriormente Jacqueline se retractar\u00eda.<br \/>\nAsimismo, otra de las inconformidades fue que pasaron im\u00e1genes del mitin pri\u00edsta de la Biznaga de este martes, que seg\u00fan ese espacio social, \u201cfueron manipuladas para que se viera menos gente\u201d.<br \/>\nSe sabe que dentro del PRI militan mujeres que est\u00e1n dispuestas a iniciar una protesta afuera de las oficinas del cable para exigir \u201cinformaci\u00f3n clara\u201d, si es que los dirigentes se los ordenan.<br \/>\nAl cierre de la presente nota, el debate segu\u00eda en la web, y se desconoce qu\u00e9 acciones tomar\u00e1n los pri\u00edstas.<br \/>\nEn ese mismo espacio, se catalog\u00f3 a Plurinominal de estar apoyando la figura del candidato panista Arturo Narv\u00e1ez, lo que luego fue desmentido por la directiva.<\/p>\n","protected":false},"excerpt":{"rendered":"<p>Marco Serna.- Utilizando las redes sociales para escudarse con seud\u00f3nimos, un grupo de simpatizantes con clara preferencia electoral pri\u00edsta, ha comenzado a invitar a la ciudadan\u00eda a manifestar el rechazo&#8230;<\/p>\n","protected":false},"author":1,"featured_media":0,"comment_status":"closed","ping_status":"open","sticky":false,"template":"","format":"standard","meta":{"footnotes":""},"categories":[3],"tags":[],"class_list":["post-2961","post","type-post","status-publish","format-standard","hentry","category-cerritos","entry","simple"],"_links":{"self":[{"href":"https:\/\/www.plurinominal.com.mx\/index.php?rest_route=\/wp\/v2\/posts\/2961","targetHints":{"allow":["GET"]}}],"collection":[{"href":"https:\/\/www.plurinominal.com.mx\/index.php?rest_route=\/wp\/v2\/posts"}],"about":[{"href":"https:\/\/www.plurinominal.com.mx\/index.php?rest_route=\/wp\/v2\/types\/post"}],"author":[{"embeddable":true,"href":"https:\/\/www.plurinominal.com.mx\/index.php?rest_route=\/wp\/v2\/users\/1"}],"replies":[{"embeddable":true,"href":"https:\/\/www.plurinominal.com.mx\/index.php?rest_route=%2Fwp%2Fv2%2Fcomments&post=2961"}],"version-history":[{"count":0,"href":"https:\/\/www.plurinominal.com.mx\/index.php?rest_route=\/wp\/v2\/posts\/2961\/revisions"}],"wp:attachment":[{"href":"https:\/\/www.plurinominal.com.mx\/index.php?rest_route=%2Fwp%2Fv2%2Fmedia&parent=2961"}],"wp:term":[{"taxonomy":"category","embeddable":true,"href":"https:\/\/www.plurinominal.com.mx\/index.php?rest_route=%2Fwp%2Fv2%2Fcategories&post=2961"},{"taxonomy":"post_tag","embeddable":true,"href":"https:\/\/www.plurinominal.com.mx\/index.php?rest_route=%2Fwp%2Fv2%2Ftags&post=2961"}],"curies":[{"name":"wp","href":"https:\/\/api.w.org\/{rel}","templated":true}]}}