{"id":3044,"date":"2012-05-30T12:43:04","date_gmt":"2012-05-30T17:43:04","guid":{"rendered":"http:\/\/www.plurinominal.com.mx\/?p=3044"},"modified":"2012-06-06T12:43:48","modified_gmt":"2012-06-06T17:43:48","slug":"visas-de-trabajo-y-contratos-para-los-potosinos-frank-de-avila","status":"publish","type":"post","link":"https:\/\/www.plurinominal.com.mx\/?p=3044","title":{"rendered":"Visas de trabajo y contratos para los potosinos: Frank de \u00c1vila"},"content":{"rendered":"<ul>\n<li>Entre sus propuestas est\u00e1 la de impulsar los derechos humanos, la educaci\u00f3n, el deporte, agricultura y ganader\u00eda<\/li>\n<\/ul>\n<p><em>Marco Serna.-<\/em> El Candidato a diputado local por el Segundo Distrito Electoral, Florencio de \u00c1vila Morales, ampliamente conocido como \u201cFrank\u201d, ha prometido \u201cvisas de trabajo y contratos\u201d en beneficio de los potosinos, dada la experiencia y contactos con que cuenta en la Uni\u00f3n Americana.<br \/>\nA lo largo de su campa\u00f1a, se ha presentado en la mayor\u00eda de los municipios d\u00f3nde intenta el triunfo, tal fue el caso del pasado 27 de mayo, d\u00f3nde el candidato migrante llev\u00f3 a cabo una visita por las comunidades de Armadillo de los Infante, San Nicol\u00e1s Tolentino y Villa Ju\u00e1rez, acudiendo a domicilios particulares con el fin de promocionarse.<br \/>\nEn Armadillo de los Infante, de \u00c1vila Morales mencion\u00f3 que su lucha \u201ces por todos los potosinos que est\u00e1n a los 2 lados de la frontera\u201d.<br \/>\nRecord\u00f3 que cuando fue ni\u00f1o, sus padres se lo llevaron de Cerritos a residir a Estados Unidos, donde se form\u00f3 como profesionista.<br \/>\nAsegur\u00f3 que siempre ha trabajado por la comunidad migrante potosina y en diferentes proyectos que han beneficiado a los habitantes del estado, mayormente de nuestro distrito.<br \/>\nAgreg\u00f3 que todo lo que ha realizado ha sido de manera voluntaria y muchas veces ha tenido que poner \u201chasta de su bolsillo\u201d.<br \/>\nEntre sus propuestas de trabajo destaca la de tocar puertas para que quien quiera ir a Estados Unidos lo haga de una manera legal, es decir que en una mano lleve una visa de trabajo y en la otra un contrato que les permita ir a trabajar y posteriormente regresar con sus familias sin enfrentarse a situaciones extremas. A\u00f1adi\u00f3 que trabajar\u00e1 para que se respeten los derechos humanos y la dignidad de las personas, y \u201char\u00e1 todo lo humanamente posible para conseguir apoyos a la agricultura y ganader\u00eda, mejoras en la educaci\u00f3n y sobretodo apoyar para que la repatriaci\u00f3n de cad\u00e1veres que vienen de Estados Unidos sea m\u00e1s r\u00e1pida\u201d.<br \/>\nFue as\u00ed como transcurrieron las visitas que realiz\u00f3 el candidato del Partido Acci\u00f3n Nacional por lugares del segundo distrito electoral.<br \/>\nSe pudo observar que al final de sus intervenciones, la gente \u2014entre porras y aplausos\u2014 manifest\u00f3 su apoyo al \u201ccandidato migrante\u201d, incluso hubo quien al final de algunos eventos se acerc\u00f3 a preguntarle a Frank de \u00c1vila cuestiones relacionadas con la migraci\u00f3n, ya que como es conocido, la mayor\u00eda de la gente de esta regi\u00f3n tiene familiares en Estados Unidos.<\/p>\n","protected":false},"excerpt":{"rendered":"<p>Entre sus propuestas est\u00e1 la de impulsar los derechos humanos, la educaci\u00f3n, el deporte, agricultura y ganader\u00eda Marco Serna.- El Candidato a diputado local por el Segundo Distrito Electoral, Florencio&#8230;<\/p>\n","protected":false},"author":1,"featured_media":0,"comment_status":"closed","ping_status":"open","sticky":false,"template":"","format":"standard","meta":{"footnotes":""},"categories":[3,6,4],"tags":[],"class_list":["post-3044","post","type-post","status-publish","format-standard","hentry","category-cerritos","category-guadalcazar","category-villa-juarez","entry","simple"],"_links":{"self":[{"href":"https:\/\/www.plurinominal.com.mx\/index.php?rest_route=\/wp\/v2\/posts\/3044","targetHints":{"allow":["GET"]}}],"collection":[{"href":"https:\/\/www.plurinominal.com.mx\/index.php?rest_route=\/wp\/v2\/posts"}],"about":[{"href":"https:\/\/www.plurinominal.com.mx\/index.php?rest_route=\/wp\/v2\/types\/post"}],"author":[{"embeddable":true,"href":"https:\/\/www.plurinominal.com.mx\/index.php?rest_route=\/wp\/v2\/users\/1"}],"replies":[{"embeddable":true,"href":"https:\/\/www.plurinominal.com.mx\/index.php?rest_route=%2Fwp%2Fv2%2Fcomments&post=3044"}],"version-history":[{"count":0,"href":"https:\/\/www.plurinominal.com.mx\/index.php?rest_route=\/wp\/v2\/posts\/3044\/revisions"}],"wp:attachment":[{"href":"https:\/\/www.plurinominal.com.mx\/index.php?rest_route=%2Fwp%2Fv2%2Fmedia&parent=3044"}],"wp:term":[{"taxonomy":"category","embeddable":true,"href":"https:\/\/www.plurinominal.com.mx\/index.php?rest_route=%2Fwp%2Fv2%2Fcategories&post=3044"},{"taxonomy":"post_tag","embeddable":true,"href":"https:\/\/www.plurinominal.com.mx\/index.php?rest_route=%2Fwp%2Fv2%2Ftags&post=3044"}],"curies":[{"name":"wp","href":"https:\/\/api.w.org\/{rel}","templated":true}]}}