{"id":3056,"date":"2012-06-07T17:49:41","date_gmt":"2012-06-07T22:49:41","guid":{"rendered":"http:\/\/www.plurinominal.com.mx\/?p=3056"},"modified":"2012-06-07T17:49:41","modified_gmt":"2012-06-07T22:49:41","slug":"reparto-equitativo-de-recursos-menciona-izaguirre","status":"publish","type":"post","link":"https:\/\/www.plurinominal.com.mx\/?p=3056","title":{"rendered":"Reparto equitativo de recursos, menciona Izaguirre"},"content":{"rendered":"<p>Educaci\u00f3n; infraestructura de desarrollo econ\u00f3mico; servicios b\u00e1sicos, cultura y salud, entre otros, son aspectos en el desarrollo integral de una sociedad, que dif\u00edcilmente se pueden desligar, porque la falta de uno acarrea desequilibrio y desigualdad social. Considera Javier Izaguirre. En sus intervenciones p\u00fablicas se reconoce que los recursos econ\u00f3micos de que dispone el Municipio son muy limitados, los m\u00e1s importantes los proporciona la federaci\u00f3n y el estado, \u201cpero s\u00ed es competencia nuestra planear y hacer un reparto equitativo de ellos en los aspectos mencionados, as\u00ed como vigilar que se hagan debida y oportunamente\u201d.<\/p>\n","protected":false},"excerpt":{"rendered":"<p>Educaci\u00f3n; infraestructura de desarrollo econ\u00f3mico; servicios b\u00e1sicos, cultura y salud, entre otros, son aspectos en el desarrollo integral de una sociedad, que dif\u00edcilmente se pueden desligar, porque la falta de&#8230;<\/p>\n","protected":false},"author":1,"featured_media":3057,"comment_status":"closed","ping_status":"open","sticky":false,"template":"","format":"standard","meta":{"footnotes":""},"categories":[463],"tags":[],"class_list":["post-3056","post","type-post","status-publish","format-standard","has-post-thumbnail","hentry","category-politica","entry","simple"],"_links":{"self":[{"href":"https:\/\/www.plurinominal.com.mx\/index.php?rest_route=\/wp\/v2\/posts\/3056","targetHints":{"allow":["GET"]}}],"collection":[{"href":"https:\/\/www.plurinominal.com.mx\/index.php?rest_route=\/wp\/v2\/posts"}],"about":[{"href":"https:\/\/www.plurinominal.com.mx\/index.php?rest_route=\/wp\/v2\/types\/post"}],"author":[{"embeddable":true,"href":"https:\/\/www.plurinominal.com.mx\/index.php?rest_route=\/wp\/v2\/users\/1"}],"replies":[{"embeddable":true,"href":"https:\/\/www.plurinominal.com.mx\/index.php?rest_route=%2Fwp%2Fv2%2Fcomments&post=3056"}],"version-history":[{"count":0,"href":"https:\/\/www.plurinominal.com.mx\/index.php?rest_route=\/wp\/v2\/posts\/3056\/revisions"}],"wp:featuredmedia":[{"embeddable":true,"href":"https:\/\/www.plurinominal.com.mx\/index.php?rest_route=\/wp\/v2\/media\/3057"}],"wp:attachment":[{"href":"https:\/\/www.plurinominal.com.mx\/index.php?rest_route=%2Fwp%2Fv2%2Fmedia&parent=3056"}],"wp:term":[{"taxonomy":"category","embeddable":true,"href":"https:\/\/www.plurinominal.com.mx\/index.php?rest_route=%2Fwp%2Fv2%2Fcategories&post=3056"},{"taxonomy":"post_tag","embeddable":true,"href":"https:\/\/www.plurinominal.com.mx\/index.php?rest_route=%2Fwp%2Fv2%2Ftags&post=3056"}],"curies":[{"name":"wp","href":"https:\/\/api.w.org\/{rel}","templated":true}]}}