{"id":3059,"date":"2012-06-07T17:58:30","date_gmt":"2012-06-07T22:58:30","guid":{"rendered":"http:\/\/www.plurinominal.com.mx\/?p=3059"},"modified":"2012-06-07T17:58:30","modified_gmt":"2012-06-07T22:58:30","slug":"carlos-ruiz-convoco-a-conferencia","status":"publish","type":"post","link":"https:\/\/www.plurinominal.com.mx\/?p=3059","title":{"rendered":"Carlos Ruiz convoc\u00f3 a conferencia"},"content":{"rendered":"<p>El 5 de junio, en la Sala audiovisual, la coalici\u00f3n del Partido Verde y Conciencia Popular llevaron a cabo una conferencia para j\u00f3venes estudiantes de este municipio. Ruiz P\u00e9rez manifest\u00f3 tener proyectos para los j\u00f3venes que gusten formar parte de su grupo, y remarc\u00f3 la importancia de que sea la propia ciudadan\u00eda quien haga ver sus errores y necesidades a nuestros gobernantes. Asegur\u00f3  que la coalici\u00f3n no se encuentra en confrontaciones ante sus rivales en turno.<\/p>\n","protected":false},"excerpt":{"rendered":"<p>El 5 de junio, en la Sala audiovisual, la coalici\u00f3n del Partido Verde y Conciencia Popular llevaron a cabo una conferencia para j\u00f3venes estudiantes de este municipio. Ruiz P\u00e9rez manifest\u00f3&#8230;<\/p>\n","protected":false},"author":1,"featured_media":3060,"comment_status":"closed","ping_status":"open","sticky":false,"template":"","format":"standard","meta":{"footnotes":""},"categories":[463],"tags":[],"class_list":["post-3059","post","type-post","status-publish","format-standard","has-post-thumbnail","hentry","category-politica","entry","simple"],"_links":{"self":[{"href":"https:\/\/www.plurinominal.com.mx\/index.php?rest_route=\/wp\/v2\/posts\/3059","targetHints":{"allow":["GET"]}}],"collection":[{"href":"https:\/\/www.plurinominal.com.mx\/index.php?rest_route=\/wp\/v2\/posts"}],"about":[{"href":"https:\/\/www.plurinominal.com.mx\/index.php?rest_route=\/wp\/v2\/types\/post"}],"author":[{"embeddable":true,"href":"https:\/\/www.plurinominal.com.mx\/index.php?rest_route=\/wp\/v2\/users\/1"}],"replies":[{"embeddable":true,"href":"https:\/\/www.plurinominal.com.mx\/index.php?rest_route=%2Fwp%2Fv2%2Fcomments&post=3059"}],"version-history":[{"count":0,"href":"https:\/\/www.plurinominal.com.mx\/index.php?rest_route=\/wp\/v2\/posts\/3059\/revisions"}],"wp:featuredmedia":[{"embeddable":true,"href":"https:\/\/www.plurinominal.com.mx\/index.php?rest_route=\/wp\/v2\/media\/3060"}],"wp:attachment":[{"href":"https:\/\/www.plurinominal.com.mx\/index.php?rest_route=%2Fwp%2Fv2%2Fmedia&parent=3059"}],"wp:term":[{"taxonomy":"category","embeddable":true,"href":"https:\/\/www.plurinominal.com.mx\/index.php?rest_route=%2Fwp%2Fv2%2Fcategories&post=3059"},{"taxonomy":"post_tag","embeddable":true,"href":"https:\/\/www.plurinominal.com.mx\/index.php?rest_route=%2Fwp%2Fv2%2Ftags&post=3059"}],"curies":[{"name":"wp","href":"https:\/\/api.w.org\/{rel}","templated":true}]}}