{"id":3062,"date":"2012-06-07T18:11:12","date_gmt":"2012-06-07T23:11:12","guid":{"rendered":"http:\/\/www.plurinominal.com.mx\/?p=3062"},"modified":"2012-06-07T18:11:31","modified_gmt":"2012-06-07T23:11:31","slug":"con-caravanas-partidos-desquician-trafico-vehicular","status":"publish","type":"post","link":"https:\/\/www.plurinominal.com.mx\/?p=3062","title":{"rendered":"Con caravanas y marchas, partidos desquician tr\u00e1fico vehicular"},"content":{"rendered":"<p><em>Del equipo de redacci\u00f3n y Francisco V.-<\/em> A trav\u00e9s de marchas, PAN y PRI han tratado de mostrar su fuerza en esta campa\u00f1a pol\u00edtica, pero con ello el tr\u00e1fico vehicular del municipio se ve afectado.<br \/>\nFue el viernes primero de junio que el Partido Acci\u00f3n Nacional realiz\u00f3 un evento en la explanada de \u00abLas Gaviotas\u00bb, donde, d\u00edas antes, el Doctor Rub\u00e9n Gonz\u00e1lez Posadas a trav\u00e9s de la red cibern\u00e9tica invitaba a todos los panistas a dar una demostraci\u00f3n de poder\u00edo.<br \/>\nEl evento dio inici\u00f3 a las 19:00 horas y concluy\u00f3 cerca de las 22:00 horas, con una marcha por las principales calles, donde lograron reunir un muy buen n\u00famero de simpatizantes. De algunas comunidades tambi\u00e9n atendieron el llamado.<br \/>\nPor su parte, el s\u00e1bado, el Partido Revolucionario Institucional intent\u00f3 llevar a cabo un mitin en el barrio de Francia, que se cancel\u00f3 debido a la lluvia. Nuevamente se convoc\u00f3 el domingo 2 junio.<br \/>\nSe relat\u00f3 a Plurinominal que de inicio se not\u00f3 menos gente que el d\u00eda anterior, pero de un momento a otro el lugar se not\u00f3 abarrotado.<br \/>\nLos primeros en llegar lo hicieron desde las 18:00 horas.<br \/>\nAlgunos portaron playeras rojas, otros cargaron banderas, pero todos con un mismo fin, escuchar las propuestas y manifestar su apoyo al abanderado del Partido Revolucionario Institucional.<br \/>\nLas calles del barrio fueron insuficientes y conductores estacionaron sus coches en la calle Adalberto de \u00c1vila, Honorato Castillo y en el camino que conduce a Manzanillas.<br \/>\nLos coordinadores decidieron que el evento concluyera con una marcha desde ese lugar hasta las instalaciones del Comit\u00e9 Directivo Municipal, que se ubica en las calles Independencia con Ocampo. La marcha fue acompa\u00f1ada con m\u00fasica y cohetes.<br \/>\nDesde el barrio de Francia el grupo se encamin\u00f3 a la plaza, seguido de veh\u00edculos que desquiciaron el tr\u00e1fico en la plaza principal por m\u00e1s de 30 minutos.<br \/>\nCuando los primeros veh\u00edculos y simpatizantes alcanzaron las instalaciones del Comit\u00e9, algunos coches aun no part\u00edan desde el punto inicial.<br \/>\nLa situaci\u00f3n de embotellamiento se vio agudizada debido a que muchos veh\u00edculos con calcoman\u00eda de Acci\u00f3n Nacional trataban de ingresar al centro. Se explic\u00f3 que el grupo panista tuvo evento en la comunidad de Cerrito Blanco y las marchas se toparon.<\/p>\n","protected":false},"excerpt":{"rendered":"<p>Del equipo de redacci\u00f3n y Francisco V.- A trav\u00e9s de marchas, PAN y PRI han tratado de mostrar su fuerza en esta campa\u00f1a pol\u00edtica, pero con ello el tr\u00e1fico vehicular&#8230;<\/p>\n","protected":false},"author":1,"featured_media":0,"comment_status":"closed","ping_status":"open","sticky":false,"template":"","format":"standard","meta":{"footnotes":""},"categories":[463],"tags":[],"class_list":["post-3062","post","type-post","status-publish","format-standard","hentry","category-politica","entry","simple"],"_links":{"self":[{"href":"https:\/\/www.plurinominal.com.mx\/index.php?rest_route=\/wp\/v2\/posts\/3062","targetHints":{"allow":["GET"]}}],"collection":[{"href":"https:\/\/www.plurinominal.com.mx\/index.php?rest_route=\/wp\/v2\/posts"}],"about":[{"href":"https:\/\/www.plurinominal.com.mx\/index.php?rest_route=\/wp\/v2\/types\/post"}],"author":[{"embeddable":true,"href":"https:\/\/www.plurinominal.com.mx\/index.php?rest_route=\/wp\/v2\/users\/1"}],"replies":[{"embeddable":true,"href":"https:\/\/www.plurinominal.com.mx\/index.php?rest_route=%2Fwp%2Fv2%2Fcomments&post=3062"}],"version-history":[{"count":0,"href":"https:\/\/www.plurinominal.com.mx\/index.php?rest_route=\/wp\/v2\/posts\/3062\/revisions"}],"wp:attachment":[{"href":"https:\/\/www.plurinominal.com.mx\/index.php?rest_route=%2Fwp%2Fv2%2Fmedia&parent=3062"}],"wp:term":[{"taxonomy":"category","embeddable":true,"href":"https:\/\/www.plurinominal.com.mx\/index.php?rest_route=%2Fwp%2Fv2%2Fcategories&post=3062"},{"taxonomy":"post_tag","embeddable":true,"href":"https:\/\/www.plurinominal.com.mx\/index.php?rest_route=%2Fwp%2Fv2%2Ftags&post=3062"}],"curies":[{"name":"wp","href":"https:\/\/api.w.org\/{rel}","templated":true}]}}