{"id":3068,"date":"2012-06-09T18:16:05","date_gmt":"2012-06-09T23:16:05","guid":{"rendered":"http:\/\/www.plurinominal.com.mx\/?p=3068"},"modified":"2012-06-09T18:16:05","modified_gmt":"2012-06-09T23:16:05","slug":"consejeros-seran-capacitados-por-el-ceepac","status":"publish","type":"post","link":"https:\/\/www.plurinominal.com.mx\/?p=3068","title":{"rendered":"Consejeros ser\u00e1n capacitados por el CEEPAC"},"content":{"rendered":"<ul>\n<li>Explicar\u00e1n sobre el modo de proceder en caso de presentarse impugnaciones<\/li>\n<\/ul>\n<p><em>Francisco V.-<\/em> El Comit\u00e9 Municipal Electoral, realiz\u00f3 su reuni\u00f3n el lunes 4 junio, donde se tomaron diversos acuerdos.<br \/>\nEn la reuni\u00f3n, no se dio lectura a correspondencia recibida. El Presidente del Comit\u00e9 Municipal Electoral, Profesor Rub\u00e9n Gallardo Hern\u00e1ndez, se concret\u00f3 a informar que la pr\u00f3xima semana, personal del Comit\u00e9 Estatal Electoral y de Participaci\u00f3n Ciudadana vendr\u00e1 a esta cabecera para capacitar a los consejeros municipales y representantes de partidos pol\u00edticos sobre la forma de conducirse en caso de presentarse alg\u00fan motivo de impugnaci\u00f3n en las casillas durante la jornada electoral.<br \/>\nEl CEEPAC trata que no se obstaculice la labor de los funcionarios de casilla el d\u00eda de la jornada electoral. Se pretende que los representantes de casilla sepan utilizar los formatos para realizar cualquier impugnaci\u00f3n.<br \/>\nLos representantes pol\u00edticos deber\u00e1n al mismo tiempo capacitar en la misma forma a quienes figurar\u00e1n como representantes de partido ante las casillas electorales, ellos deber\u00e1n de informar la forma de actuar en caso de alguna anomal\u00eda.<br \/>\nEl d\u00eda de la jornada electoral, es posible que alg\u00fan representante de partido trate de increpar al Presidente de la casilla o al Secretario o traten de imponerse a los funcionarios de la misma, por ello se quiere establecer las verdaderas funciones de un representante del partido, el cual no puede influir en la decisi\u00f3n de los funcionarios.<br \/>\nSe prev\u00e9, que como estrategia algunos partidos aleccionar\u00e1n a sus representantes para impugnar aquellas casillas en donde la votaci\u00f3n no les favorezca.<br \/>\nEn otro de los puntos, se solicit\u00f3 a los representantes de los partidos que a la mayor brevedad proporcionen los nombres de quienes figurar\u00e1n como tales.<br \/>\nEn esta jornada electoral, por equivocaci\u00f3n, todas las casillas son consideradas como rurales, pues las establecidas en la cabecera municipal no se consideran como urbanas, pero eso en nada afecta la conformaci\u00f3n.<br \/>\nTambi\u00e9n, se pidi\u00f3 a los representantes que proporcionen la fecha del cierre de campa\u00f1a, debido a que se considera que el proceso electoral ya est\u00e1 en su fase terminal, pues falta menos de un mes para qu\u00e9 se lleve a cabo la elecci\u00f3n.<br \/>\nEn la reuni\u00f3n estuvieron presentes, el Secretario T\u00e9cnico Profesor Francisco Pecina Lumbreras y los consejeros profesores V\u00edctor Gregorio Alvarado, Rodrigo Medell\u00edn, Alfredo Meza Cuevas, Amparo Banda Turrubiartes, Ramiro Medell\u00edn G\u00f3mez y la se\u00f1ora Gloria Imelda Ibarra Maldonado.<br \/>\nTambi\u00e9n los representantes de los partidos pol\u00edticos. Por el Partido Revolucionario estuvo Joel Zapata, por el Partido Movimiento Ciudadano el Doctor Antonio Valent\u00edn Baltasar, por el Partido Nueva Alianza el Profesor Alfredo Gait\u00e1n Hern\u00e1ndez, el Profesor Regino Mu\u00f1iz por Acci\u00f3n Nacional, Luis Alberto Acosta Orozco representante de Conciencia Popular, Lorenza Collazo por el Partido del Trabajo, Ad\u00e1n Medina por el PRD y Sa\u00fal P\u00e9rez por el Partido Verde.<\/p>\n","protected":false},"excerpt":{"rendered":"<p>Explicar\u00e1n sobre el modo de proceder en caso de presentarse impugnaciones Francisco V.- El Comit\u00e9 Municipal Electoral, realiz\u00f3 su reuni\u00f3n el lunes 4 junio, donde se tomaron diversos acuerdos. En&#8230;<\/p>\n","protected":false},"author":1,"featured_media":0,"comment_status":"closed","ping_status":"open","sticky":false,"template":"","format":"standard","meta":{"footnotes":""},"categories":[3,463],"tags":[],"class_list":["post-3068","post","type-post","status-publish","format-standard","hentry","category-cerritos","category-politica","entry","simple"],"_links":{"self":[{"href":"https:\/\/www.plurinominal.com.mx\/index.php?rest_route=\/wp\/v2\/posts\/3068","targetHints":{"allow":["GET"]}}],"collection":[{"href":"https:\/\/www.plurinominal.com.mx\/index.php?rest_route=\/wp\/v2\/posts"}],"about":[{"href":"https:\/\/www.plurinominal.com.mx\/index.php?rest_route=\/wp\/v2\/types\/post"}],"author":[{"embeddable":true,"href":"https:\/\/www.plurinominal.com.mx\/index.php?rest_route=\/wp\/v2\/users\/1"}],"replies":[{"embeddable":true,"href":"https:\/\/www.plurinominal.com.mx\/index.php?rest_route=%2Fwp%2Fv2%2Fcomments&post=3068"}],"version-history":[{"count":0,"href":"https:\/\/www.plurinominal.com.mx\/index.php?rest_route=\/wp\/v2\/posts\/3068\/revisions"}],"wp:attachment":[{"href":"https:\/\/www.plurinominal.com.mx\/index.php?rest_route=%2Fwp%2Fv2%2Fmedia&parent=3068"}],"wp:term":[{"taxonomy":"category","embeddable":true,"href":"https:\/\/www.plurinominal.com.mx\/index.php?rest_route=%2Fwp%2Fv2%2Fcategories&post=3068"},{"taxonomy":"post_tag","embeddable":true,"href":"https:\/\/www.plurinominal.com.mx\/index.php?rest_route=%2Fwp%2Fv2%2Ftags&post=3068"}],"curies":[{"name":"wp","href":"https:\/\/api.w.org\/{rel}","templated":true}]}}