{"id":3073,"date":"2012-06-11T16:02:49","date_gmt":"2012-06-11T21:02:49","guid":{"rendered":"http:\/\/www.plurinominal.com.mx\/?p=3073"},"modified":"2012-06-11T16:13:27","modified_gmt":"2012-06-11T21:13:27","slug":"militarizan-direccion-de-seguridad-en-cerritos","status":"publish","type":"post","link":"https:\/\/www.plurinominal.com.mx\/?p=3073","title":{"rendered":"Militarizan Direcci\u00f3n de Seguridad en Cerritos"},"content":{"rendered":"<figure id=\"attachment_3076\" aria-describedby=\"caption-attachment-3076\" style=\"width: 158px\" class=\"wp-caption alignright\"><a href=\"https:\/\/www.plurinominal.com.mx\/wp-content\/uploads\/militares-soldados-copia.jpg\"><img loading=\"lazy\" decoding=\"async\" class=\"size-medium wp-image-3076\" title=\"OLYMPUS DIGITAL CAMERA\" src=\"https:\/\/www.plurinominal.com.mx\/wp-content\/uploads\/militares-soldados-copia-158x300.jpg\" alt=\"\" width=\"158\" height=\"300\" srcset=\"https:\/\/www.plurinominal.com.mx\/wp-content\/uploads\/militares-soldados-copia-158x300.jpg 158w, https:\/\/www.plurinominal.com.mx\/wp-content\/uploads\/militares-soldados-copia.jpg 177w\" sizes=\"auto, (max-width: 158px) 100vw, 158px\" \/><\/a><figcaption id=\"caption-attachment-3076\" class=\"wp-caption-text\">Los militares ingresaron sorpresivamente a la presidencia y tomaron la comandancia. ARCHIVO PN.<\/figcaption><\/figure>\n<p><em>Marco Serna.-<\/em>La Direcci\u00f3n de Seguridad P\u00fablica del municipio de Cerritos fue militarizada este lunes 11 de junio. Todo un grupo de uniformados a bordo de unidades, se posesionaron de la comandancia para nombrar de manera sorpresiva a uno de sus elementos, cuyo nombre no han querido revelar. A Plurinominal, los soldados no le permitieron entrevista con el nuevo comandante. Al cierre de la nota, las unidades de los integrantes del ej\u00e9rcito ya se hab\u00edan marchado, pero se indic\u00f3 que a partir de hoy est\u00e1 al frente de la polic\u00eda municipal un militar.<\/p>\n","protected":false},"excerpt":{"rendered":"<p>Marco Serna.-La Direcci\u00f3n de Seguridad P\u00fablica del municipio de Cerritos fue militarizada este lunes 11 de junio. Todo un grupo de uniformados a bordo de unidades, se posesionaron de la&#8230;<\/p>\n","protected":false},"author":1,"featured_media":0,"comment_status":"closed","ping_status":"open","sticky":false,"template":"","format":"standard","meta":{"footnotes":""},"categories":[3],"tags":[],"class_list":["post-3073","post","type-post","status-publish","format-standard","hentry","category-cerritos","entry","simple"],"_links":{"self":[{"href":"https:\/\/www.plurinominal.com.mx\/index.php?rest_route=\/wp\/v2\/posts\/3073","targetHints":{"allow":["GET"]}}],"collection":[{"href":"https:\/\/www.plurinominal.com.mx\/index.php?rest_route=\/wp\/v2\/posts"}],"about":[{"href":"https:\/\/www.plurinominal.com.mx\/index.php?rest_route=\/wp\/v2\/types\/post"}],"author":[{"embeddable":true,"href":"https:\/\/www.plurinominal.com.mx\/index.php?rest_route=\/wp\/v2\/users\/1"}],"replies":[{"embeddable":true,"href":"https:\/\/www.plurinominal.com.mx\/index.php?rest_route=%2Fwp%2Fv2%2Fcomments&post=3073"}],"version-history":[{"count":0,"href":"https:\/\/www.plurinominal.com.mx\/index.php?rest_route=\/wp\/v2\/posts\/3073\/revisions"}],"wp:attachment":[{"href":"https:\/\/www.plurinominal.com.mx\/index.php?rest_route=%2Fwp%2Fv2%2Fmedia&parent=3073"}],"wp:term":[{"taxonomy":"category","embeddable":true,"href":"https:\/\/www.plurinominal.com.mx\/index.php?rest_route=%2Fwp%2Fv2%2Fcategories&post=3073"},{"taxonomy":"post_tag","embeddable":true,"href":"https:\/\/www.plurinominal.com.mx\/index.php?rest_route=%2Fwp%2Fv2%2Ftags&post=3073"}],"curies":[{"name":"wp","href":"https:\/\/api.w.org\/{rel}","templated":true}]}}