{"id":3078,"date":"2012-06-12T17:09:24","date_gmt":"2012-06-12T22:09:24","guid":{"rendered":"http:\/\/www.plurinominal.com.mx\/?p=3078"},"modified":"2012-06-12T17:09:24","modified_gmt":"2012-06-12T22:09:24","slug":"arturo-trabaja-duro","status":"publish","type":"post","link":"https:\/\/www.plurinominal.com.mx\/?p=3078","title":{"rendered":"Arturo trabaja duro"},"content":{"rendered":"<p>El panista sigue trabajando, se le ve seguro de s\u00ed mismo y se ha escuchado que Maruca M\u00e9ndez (Candidata a una diputaci\u00f3n federal) lo describe como \u201cuna persona muy educada e inteligente\u201d. Narv\u00e1ez estuvo este s\u00e1bado en el barrio de Francia.<\/p>\n<p>Narv\u00e1ez celebr\u00f3 a los medios de comunicaci\u00f3n<\/p>\n<figure id=\"attachment_3080\" aria-describedby=\"caption-attachment-3080\" style=\"width: 300px\" class=\"wp-caption alignright\"><a href=\"https:\/\/www.plurinominal.com.mx\/wp-content\/uploads\/6-medios-de-comunicacion-copia.jpg\"><img loading=\"lazy\" decoding=\"async\" class=\"size-medium wp-image-3080\" title=\"REPORTEROS\" src=\"https:\/\/www.plurinominal.com.mx\/wp-content\/uploads\/6-medios-de-comunicacion-copia-300x123.jpg\" alt=\"\" width=\"300\" height=\"123\" srcset=\"https:\/\/www.plurinominal.com.mx\/wp-content\/uploads\/6-medios-de-comunicacion-copia-300x123.jpg 300w, https:\/\/www.plurinominal.com.mx\/wp-content\/uploads\/6-medios-de-comunicacion-copia.jpg 335w\" sizes=\"auto, (max-width: 300px) 100vw, 300px\" \/><\/a><figcaption id=\"caption-attachment-3080\" class=\"wp-caption-text\">Se agradeci\u00f3 el gesto del candidato.<\/figcaption><\/figure>\n<p>Rom\u00e1n G.- Dentro del marco de celebraci\u00f3n del d\u00eda de la Libre Expresi\u00f3n, este jueves 7 de junio, el candidato a la silla presidencial por el Partido Acci\u00f3n Nacional, Arturo Narv\u00e1ez Banda convoc\u00f3 a los representantes de diversos medios de comunicaci\u00f3n cerritenses a un convivio conmemorativo, invitaci\u00f3n a la cual acudieron cerca de 15 invitados, entre los que laboran para Plurinominal, Zona Media, Cablecerr y Canal Dos, as\u00ed como personal del departamento de Comunicaci\u00f3n Social del Ayuntamiento y quienes se encargan de la difusi\u00f3n de las acciones del candidato a trav\u00e9s de las redes sociales.<br \/>\nCerca de las 2:30 de la tarde, los invitados acudieron al llamado del panista que al reconocer esta labor decidi\u00f3 celebrar esta fecha que pasa desapercibida para la poblaci\u00f3n en un pa\u00eds d\u00f3nde es un peligro ejercerla.<br \/>\nPor primera vez en este municipio, los medios de comunicaci\u00f3n en forma conjunta celebraron su d\u00eda con un breve convivio en un reconocido restaurant de la calle Arista.<br \/>\nNarv\u00e1ez Banda aclar\u00f3 que este evento fue realizado independientemente de las actividades de campa\u00f1a del PAN.<br \/>\nEn su discurso de recibimiento manifest\u00f3 sentirse asombrado dado que la mayor\u00eda de los asistentes eran j\u00f3venes reporteros que tienen a su cargo la responsabilidad de dar a conocer los hechos m\u00e1s sobresalientes de nuestra cabecera y sus alrededores, enfoc\u00e1ndose a la comparaci\u00f3n de 10 a\u00f1os atr\u00e1s cuando apenas nac\u00edan espacios noticiosos a trav\u00e9s de diferentes formas.<br \/>\nAhora, gracias a los medios, la ciudadan\u00eda puede darse una idea de lo que ocurre en nuestro entorno de un modo m\u00e1s formal.<br \/>\nEn la reuni\u00f3n se concluy\u00f3 que es el p\u00fablico quien realmente en su criterio lee y observa o se documenta de los sucesos para generar una opini\u00f3n propia de los mismos.<br \/>\nLuego de la comida, en participaciones individuales los medios manifestaron su agradecimiento invitando a los compa\u00f1eros a continuar trabajando arduamente para que estas elecciones sean equitativas para cada candidato participante, manifestando su intenci\u00f3n que con ello el resultado sea el mejor para el bienestar de todos los cerritenses.<\/p>\n","protected":false},"excerpt":{"rendered":"<p>El panista sigue trabajando, se le ve seguro de s\u00ed mismo y se ha escuchado que Maruca M\u00e9ndez (Candidata a una diputaci\u00f3n federal) lo describe como \u201cuna persona muy educada&#8230;<\/p>\n","protected":false},"author":1,"featured_media":3079,"comment_status":"closed","ping_status":"open","sticky":false,"template":"","format":"standard","meta":{"footnotes":""},"categories":[463],"tags":[],"class_list":["post-3078","post","type-post","status-publish","format-standard","has-post-thumbnail","hentry","category-politica","entry","simple"],"_links":{"self":[{"href":"https:\/\/www.plurinominal.com.mx\/index.php?rest_route=\/wp\/v2\/posts\/3078","targetHints":{"allow":["GET"]}}],"collection":[{"href":"https:\/\/www.plurinominal.com.mx\/index.php?rest_route=\/wp\/v2\/posts"}],"about":[{"href":"https:\/\/www.plurinominal.com.mx\/index.php?rest_route=\/wp\/v2\/types\/post"}],"author":[{"embeddable":true,"href":"https:\/\/www.plurinominal.com.mx\/index.php?rest_route=\/wp\/v2\/users\/1"}],"replies":[{"embeddable":true,"href":"https:\/\/www.plurinominal.com.mx\/index.php?rest_route=%2Fwp%2Fv2%2Fcomments&post=3078"}],"version-history":[{"count":0,"href":"https:\/\/www.plurinominal.com.mx\/index.php?rest_route=\/wp\/v2\/posts\/3078\/revisions"}],"wp:featuredmedia":[{"embeddable":true,"href":"https:\/\/www.plurinominal.com.mx\/index.php?rest_route=\/wp\/v2\/media\/3079"}],"wp:attachment":[{"href":"https:\/\/www.plurinominal.com.mx\/index.php?rest_route=%2Fwp%2Fv2%2Fmedia&parent=3078"}],"wp:term":[{"taxonomy":"category","embeddable":true,"href":"https:\/\/www.plurinominal.com.mx\/index.php?rest_route=%2Fwp%2Fv2%2Fcategories&post=3078"},{"taxonomy":"post_tag","embeddable":true,"href":"https:\/\/www.plurinominal.com.mx\/index.php?rest_route=%2Fwp%2Fv2%2Ftags&post=3078"}],"curies":[{"name":"wp","href":"https:\/\/api.w.org\/{rel}","templated":true}]}}